{"id":23211,"date":"2022-10-06T20:32:56","date_gmt":"2022-10-06T19:32:56","guid":{"rendered":"https:\/\/goladinha.eu\/blog\/?p=23211"},"modified":"2022-10-06T20:32:56","modified_gmt":"2022-10-06T19:32:56","slug":"vom-scheibenrad-zum-speichenrad","status":"publish","type":"post","link":"https:\/\/goladinha.eu\/blog\/2022\/10\/06\/vom-scheibenrad-zum-speichenrad\/","title":{"rendered":"vom Scheibenrad zum Speichenrad"},"content":{"rendered":"<p><span class=\"dos-semanas nuevo-2 \"><span class=\"contenido\"><span class=\"datos-dos-semanas\"><span class=\"viento\"><span class=\"velocidad\"><span class=\"changeUnitW\"><strong>Quinta 6 de Outubro<\/strong> 2022 \u2014\u00a0 nachts<strong> \u21919\u00b0<\/strong><br \/>\ntags<\/span><\/span><\/span><\/span><\/span><\/span><span class=\"dos-semanas nuevo-2 \"><span class=\"contenido\"><span class=\"datos-dos-semanas\"><span class=\"viento\"><span class=\"velocidad\"><span class=\"changeUnitW\"><strong>\u219130\u00b0<\/strong> \u2013 <span style=\"color: #ff6600;\"><strong>Sonne<\/strong><\/span><\/span><\/span><\/span><\/span><\/span><\/span><span class=\"dos-semanas nuevo-2 \"><span class=\"contenido\"><span class=\"datos-dos-semanas\"><span class=\"viento\"><span class=\"velocidad\"><span class=\"changeUnitW\"> \u2013 <\/span><\/span><\/span><\/span><\/span><\/span><span class=\"dos-semanas nuevo-2 \"><span class=\"contenido\"><span class=\"datos-dos-semanas\"><span class=\"viento\"><span class=\"velocidad\"><span class=\"changeUnitW\">16-33<\/span><\/span><\/span><\/span><\/span><\/span> <span class=\"dos-semanas nuevo-2 \"><span class=\"contenido\"><span class=\"datos-dos-semanas\"><span class=\"viento\"><span class=\"velocidad\"><span class=\"changeUnitW\">km\/h <strong>NW <\/strong>und wechselnde Richtungen<strong><br \/>\n<\/strong><\/span><\/span><\/span><\/span><\/span><\/span><\/p>\n<p><strong>Am Anfang war das Scheibenrad<\/strong> &#8211; schon w\u00e4hrend der Bronzezeit, ab 3. Jahrtausend v.Ch., wurde das Rad von der Scheibe zum leichteren Speichenrad weiterentwickelt.<br \/>\nEin Besuch des historischen Schieferd\u00f6rfchens, <a href=\"http:\/\/www.casaldesaosimao.com\/\" target=\"_blank\" rel=\"noopener\">Casal de S\u00e3o Sim\u00e3o<\/a>, lehrte uns, dass es auch eine Zwischenform gegeben haben muss.<a href=\"https:\/\/goladinha.eu\/blog\/wp-content\/files\/2022\/10\/eselskarren_rad_061022.jpg\" target=\"_blank\" rel=\"noopener\"><img loading=\"lazy\" decoding=\"async\" class=\"wp-image-23214 size-medium\" src=\"https:\/\/goladinha.eu\/blog\/wp-content\/files\/2022\/10\/eselskarren_rad_061022-500x349.jpg\" alt=\"Rad, Scheibenrad, Speichenrad, Casal sao Simao, Fragas de Sao Simao, Goladinha, Portugal\" width=\"500\" height=\"349\" srcset=\"https:\/\/goladinha.eu\/blog\/wp-content\/files\/2022\/10\/eselskarren_rad_061022-500x349.jpg 500w, https:\/\/goladinha.eu\/blog\/wp-content\/files\/2022\/10\/eselskarren_rad_061022-1889x1320.jpg 1889w, https:\/\/goladinha.eu\/blog\/wp-content\/files\/2022\/10\/eselskarren_rad_061022-768x537.jpg 768w, https:\/\/goladinha.eu\/blog\/wp-content\/files\/2022\/10\/eselskarren_rad_061022-1536x1073.jpg 1536w, https:\/\/goladinha.eu\/blog\/wp-content\/files\/2022\/10\/eselskarren_rad_061022.jpg 2048w\" sizes=\"auto, (max-width: 500px) 100vw, 500px\" \/><\/a><br \/>\nDas Scheibenrad &#8222;light&#8220; ! Zu sehen am untersten Haus von <a href=\"http:\/\/www.casaldesaosimao.com\/\" target=\"_blank\" rel=\"noopener\">Casal de S\u00e3o Sim\u00e3o<\/a> als Dekoration, montiert an einem Eselskarren, der auch schon viel bessere Zeiten gesehen haben muss.<\/p>\n","protected":false},"excerpt":{"rendered":"<p>Quinta 6 de Outubro 2022 \u2014\u00a0 nachts \u21919\u00b0 tags\u219130\u00b0 \u2013 Sonne \u2013 16-33 km\/h NW und wechselnde Richtungen Am Anfang war das Scheibenrad &#8211; schon w\u00e4hrend der Bronzezeit, ab 3. Jahrtausend v.Ch., wurde das Rad von der Scheibe zum leichteren Speichenrad weiterentwickelt. Ein Besuch des historischen Schieferd\u00f6rfchens, Casal de S\u00e3o Sim\u00e3o, lehrte uns, dass es [&hellip;]<\/p>\n","protected":false},"author":1,"featured_media":0,"comment_status":"open","ping_status":"closed","sticky":false,"template":"","format":"standard","meta":{"footnotes":""},"categories":[10],"tags":[],"class_list":["post-23211","post","type-post","status-publish","format-standard","hentry","category-allgemein"],"_links":{"self":[{"href":"https:\/\/goladinha.eu\/blog\/wp-json\/wp\/v2\/posts\/23211","targetHints":{"allow":["GET"]}}],"collection":[{"href":"https:\/\/goladinha.eu\/blog\/wp-json\/wp\/v2\/posts"}],"about":[{"href":"https:\/\/goladinha.eu\/blog\/wp-json\/wp\/v2\/types\/post"}],"author":[{"embeddable":true,"href":"https:\/\/goladinha.eu\/blog\/wp-json\/wp\/v2\/users\/1"}],"replies":[{"embeddable":true,"href":"https:\/\/goladinha.eu\/blog\/wp-json\/wp\/v2\/comments?post=23211"}],"version-history":[{"count":6,"href":"https:\/\/goladinha.eu\/blog\/wp-json\/wp\/v2\/posts\/23211\/revisions"}],"predecessor-version":[{"id":23218,"href":"https:\/\/goladinha.eu\/blog\/wp-json\/wp\/v2\/posts\/23211\/revisions\/23218"}],"wp:attachment":[{"href":"https:\/\/goladinha.eu\/blog\/wp-json\/wp\/v2\/media?parent=23211"}],"wp:term":[{"taxonomy":"category","embeddable":true,"href":"https:\/\/goladinha.eu\/blog\/wp-json\/wp\/v2\/categories?post=23211"},{"taxonomy":"post_tag","embeddable":true,"href":"https:\/\/goladinha.eu\/blog\/wp-json\/wp\/v2\/tags?post=23211"}],"curies":[{"name":"wp","href":"https:\/\/api.w.org\/{rel}","templated":true}]}}