{"id":22744,"date":"2022-08-18T21:54:48","date_gmt":"2022-08-18T20:54:48","guid":{"rendered":"https:\/\/goladinha.eu\/blog\/?p=22744"},"modified":"2022-08-18T21:54:48","modified_gmt":"2022-08-18T20:54:48","slug":"es-war-milder","status":"publish","type":"post","link":"https:\/\/goladinha.eu\/blog\/2022\/08\/18\/es-war-milder\/","title":{"rendered":"Es war milder"},"content":{"rendered":"<p><span class=\"dos-semanas nuevo-2 \"><span class=\"contenido\"><span class=\"datos-dos-semanas\"><span class=\"viento\"><span class=\"velocidad\"><span class=\"changeUnitW\"><strong>Quinta 18 de Agosto <\/strong>de 2022 \u2014\u00a0 <strong>nachts \u2193\u2193<\/strong>9\u00b0<br \/>\n<strong>tags <\/strong><\/span><\/span><\/span><\/span><\/span><\/span><span class=\"dos-semanas nuevo-2 \"><span class=\"contenido\"><span class=\"datos-dos-semanas\"><span class=\"viento\"><span class=\"velocidad\"><span class=\"changeUnitW\">\u2191\u2191<strong>31\u00b0\u00a0<\/strong> \u2013 <\/span><\/span><\/span><\/span><\/span><\/span><strong><span class=\"dos-semanas nuevo-2 \" style=\"color: #ff6600;\"><span class=\"contenido\"><span class=\"datos-dos-semanas\"><span class=\"viento\"><span class=\"velocidad\"><span class=\"changeUnitW\">Sonne<\/span><\/span><\/span><\/span><\/span><\/span><\/strong><span class=\"dos-semanas nuevo-2 \"><span class=\"contenido\"><span class=\"datos-dos-semanas\"><span class=\"viento\"><span class=\"velocidad\"><span class=\"changeUnitW\"> \u2013 <\/span><\/span><\/span><\/span><\/span><\/span>23-47 <span class=\"dos-semanas nuevo-2 \"><span class=\"contenido\"><span class=\"datos-dos-semanas\"><span class=\"viento\"><span class=\"velocidad\"><span class=\"changeUnitW\">km\/h N<\/span><\/span><\/span><\/span><\/span><\/span><\/p>\n<p>In den vergangenen f\u00fcnf Tagen hat das Thermometer jeweils unter 30 Grad angezeigt. Das war sehr angenehm &#8211; trotzdem war es noch sommerlich.<\/p>\n<div id=\"attachment_22752\" style=\"width: 510px\" class=\"wp-caption alignnone\"><a href=\"https:\/\/goladinha.eu\/blog\/wp-content\/files\/2022\/08\/wetter_fdv_180822-1.jpg\" target=\"_blank\" rel=\"noopener\"><img loading=\"lazy\" decoding=\"async\" aria-describedby=\"caption-attachment-22752\" class=\"wp-image-22752 size-medium\" src=\"https:\/\/goladinha.eu\/blog\/wp-content\/files\/2022\/08\/wetter_fdv_180822-1-500x185.jpg\" alt=\"Wetter, Figueiro dos Vinhos, Goladinha, Portugal\" width=\"500\" height=\"185\" srcset=\"https:\/\/goladinha.eu\/blog\/wp-content\/files\/2022\/08\/wetter_fdv_180822-1-500x185.jpg 500w, https:\/\/goladinha.eu\/blog\/wp-content\/files\/2022\/08\/wetter_fdv_180822-1-768x284.jpg 768w, https:\/\/goladinha.eu\/blog\/wp-content\/files\/2022\/08\/wetter_fdv_180822-1.jpg 791w\" sizes=\"auto, (max-width: 500px) 100vw, 500px\" \/><\/a><p id=\"caption-attachment-22752\" class=\"wp-caption-text\">Die kommenden Tage klettern die Celsius-Grade wieder \u00fcber 30 Grad. Da die Tage jedoch k\u00fcrzer werden sind diese Temperaturen nicht mehr so anstrengend.<\/p><\/div>\n<div id=\"attachment_22747\" style=\"width: 510px\" class=\"wp-caption alignnone\"><a href=\"https:\/\/goladinha.eu\/blog\/wp-content\/files\/2022\/08\/fogos_pt_180822.jpg\" target=\"_blank\" rel=\"noopener\"><img loading=\"lazy\" decoding=\"async\" aria-describedby=\"caption-attachment-22747\" class=\"wp-image-22747 size-medium\" src=\"https:\/\/goladinha.eu\/blog\/wp-content\/files\/2022\/08\/fogos_pt_180822-500x256.jpg\" alt=\"Fogos.pt Feuer, Entspannung, Goladinha, Portugal\" width=\"500\" height=\"256\" srcset=\"https:\/\/goladinha.eu\/blog\/wp-content\/files\/2022\/08\/fogos_pt_180822-500x256.jpg 500w, https:\/\/goladinha.eu\/blog\/wp-content\/files\/2022\/08\/fogos_pt_180822-768x393.jpg 768w, https:\/\/goladinha.eu\/blog\/wp-content\/files\/2022\/08\/fogos_pt_180822.jpg 1020w\" sizes=\"auto, (max-width: 500px) 100vw, 500px\" \/><\/a><p id=\"caption-attachment-22747\" class=\"wp-caption-text\">Den Br\u00e4nde wurden durch die k\u00fchleren Tage auch einged\u00e4mmt. Derzeit lodert nur ein einziges Feuer in Portugal. Das d\u00fcrfte schnell einged\u00e4mmt werden &#8211; viele L\u00f6schflugzeuge stehen zur Verf\u00fcgung.<\/p><\/div>\n","protected":false},"excerpt":{"rendered":"<p>Quinta 18 de Agosto de 2022 \u2014\u00a0 nachts \u2193\u21939\u00b0 tags \u2191\u219131\u00b0\u00a0 \u2013 Sonne \u2013 23-47 km\/h N In den vergangenen f\u00fcnf Tagen hat das Thermometer jeweils unter 30 Grad angezeigt. Das war sehr angenehm &#8211; trotzdem war es noch sommerlich.<\/p>\n","protected":false},"author":1,"featured_media":0,"comment_status":"open","ping_status":"closed","sticky":false,"template":"","format":"standard","meta":{"footnotes":""},"categories":[10],"tags":[],"class_list":["post-22744","post","type-post","status-publish","format-standard","hentry","category-allgemein"],"_links":{"self":[{"href":"https:\/\/goladinha.eu\/blog\/wp-json\/wp\/v2\/posts\/22744","targetHints":{"allow":["GET"]}}],"collection":[{"href":"https:\/\/goladinha.eu\/blog\/wp-json\/wp\/v2\/posts"}],"about":[{"href":"https:\/\/goladinha.eu\/blog\/wp-json\/wp\/v2\/types\/post"}],"author":[{"embeddable":true,"href":"https:\/\/goladinha.eu\/blog\/wp-json\/wp\/v2\/users\/1"}],"replies":[{"embeddable":true,"href":"https:\/\/goladinha.eu\/blog\/wp-json\/wp\/v2\/comments?post=22744"}],"version-history":[{"count":11,"href":"https:\/\/goladinha.eu\/blog\/wp-json\/wp\/v2\/posts\/22744\/revisions"}],"predecessor-version":[{"id":22758,"href":"https:\/\/goladinha.eu\/blog\/wp-json\/wp\/v2\/posts\/22744\/revisions\/22758"}],"wp:attachment":[{"href":"https:\/\/goladinha.eu\/blog\/wp-json\/wp\/v2\/media?parent=22744"}],"wp:term":[{"taxonomy":"category","embeddable":true,"href":"https:\/\/goladinha.eu\/blog\/wp-json\/wp\/v2\/categories?post=22744"},{"taxonomy":"post_tag","embeddable":true,"href":"https:\/\/goladinha.eu\/blog\/wp-json\/wp\/v2\/tags?post=22744"}],"curies":[{"name":"wp","href":"https:\/\/api.w.org\/{rel}","templated":true}]}}