{"id":22670,"date":"2022-08-11T21:10:04","date_gmt":"2022-08-11T20:10:04","guid":{"rendered":"https:\/\/goladinha.eu\/blog\/?p=22670"},"modified":"2022-08-11T21:10:04","modified_gmt":"2022-08-11T20:10:04","slug":"gut-bedacht","status":"publish","type":"post","link":"https:\/\/goladinha.eu\/blog\/2022\/08\/11\/gut-bedacht\/","title":{"rendered":"Gut bedacht"},"content":{"rendered":"<p><span class=\"dos-semanas nuevo-2 \"><span class=\"contenido\"><span class=\"datos-dos-semanas\"><span class=\"viento\"><span class=\"velocidad\"><span class=\"changeUnitW\"><strong>Quinta 11 de Agosto <\/strong>de 2022 \u2014\u00a0 <strong>nachts <\/strong>\u2191\u219314\u00b0<br \/>\n<strong>tags <\/strong><\/span><\/span><\/span><\/span><\/span><\/span><span class=\"dos-semanas nuevo-2 \"><span class=\"contenido\"><span class=\"datos-dos-semanas\"><span class=\"viento\"><span class=\"velocidad\"><span class=\"changeUnitW\"><strong>\u219331\u00b0\u00a0<\/strong> \u2013 <\/span><\/span><\/span><\/span><\/span><\/span><span style=\"color: #ff6600;\"><strong><span class=\"dos-semanas nuevo-2 \"><span class=\"contenido\"><span class=\"datos-dos-semanas\"><span class=\"viento\"><span class=\"velocidad\"><span class=\"changeUnitW\">Sonne<\/span><\/span><\/span><\/span><\/span><\/span><\/strong><\/span><span class=\"dos-semanas nuevo-2 \"><span class=\"contenido\"><span class=\"datos-dos-semanas\"><span class=\"viento\"><span class=\"velocidad\"><span class=\"changeUnitW\"> \u2013\u00a0 <\/span><\/span><\/span><\/span><\/span><\/span><strong><span class=\"dos-semanas nuevo-2 \"><span class=\"contenido\"><span class=\"datos-dos-semanas\"><span class=\"viento\"><span class=\"velocidad\"><span class=\"changeUnitW\">\u2013 <\/span><\/span><\/span><\/span><\/span><\/span><\/strong>18-36 <span class=\"dos-semanas nuevo-2 \"><span class=\"contenido\"><span class=\"datos-dos-semanas\"><span class=\"viento\"><span class=\"velocidad\"><span class=\"changeUnitW\">km\/h S<\/span><\/span><\/span><\/span><\/span><\/span><\/p>\n<p><strong>Jetzt kann Regen kommen!<\/strong> <a href=\"https:\/\/goladinha.eu\/blog\/2022\/08\/10\/eindeckung\/\" target=\"_blank\" rel=\"noopener\">Der Caravan hat sein neues Dach<\/a> &#8211; dicht und nachhaltig.<br \/>\nUnd tats\u00e4chlich, f\u00fcr kommende Woche ist an zwei Tagen Regen angek\u00fcndigt.<\/p>\n<div id=\"attachment_22672\" style=\"width: 510px\" class=\"wp-caption alignnone\"><a href=\"https:\/\/goladinha.eu\/blog\/wp-content\/files\/2022\/08\/wohnwagen_dach2_110822.jpg\" target=\"_blank\" rel=\"noopener\"><img loading=\"lazy\" decoding=\"async\" aria-describedby=\"caption-attachment-22672\" class=\"wp-image-22672 size-medium\" src=\"https:\/\/goladinha.eu\/blog\/wp-content\/files\/2022\/08\/wohnwagen_dach2_110822-500x351.jpg\" alt=\"Wohnwagen, neues Dach, Wellblech, Nachbarn, Goladinha, Portugal\" width=\"500\" height=\"351\" srcset=\"https:\/\/goladinha.eu\/blog\/wp-content\/files\/2022\/08\/wohnwagen_dach2_110822-500x351.jpg 500w, https:\/\/goladinha.eu\/blog\/wp-content\/files\/2022\/08\/wohnwagen_dach2_110822-1882x1320.jpg 1882w, https:\/\/goladinha.eu\/blog\/wp-content\/files\/2022\/08\/wohnwagen_dach2_110822-768x539.jpg 768w, https:\/\/goladinha.eu\/blog\/wp-content\/files\/2022\/08\/wohnwagen_dach2_110822-1536x1078.jpg 1536w, https:\/\/goladinha.eu\/blog\/wp-content\/files\/2022\/08\/wohnwagen_dach2_110822.jpg 1980w\" sizes=\"auto, (max-width: 500px) 100vw, 500px\" \/><\/a><p id=\"caption-attachment-22672\" class=\"wp-caption-text\">Der beidseitige Dach\u00fcberstand sorgt daf\u00fcr, dass m\u00f6gliche Undichtigkeiten an den senkrechten W\u00e4nden nicht zu sehr &#8222;ins Gewicht fallen&#8220; An einer Seite, wo das stirnseitige Fenster sowieso schon ausgebaut war, haben wir das Wellblech tiefer gezogen.<\/p><\/div>\n","protected":false},"excerpt":{"rendered":"<p>Quinta 11 de Agosto de 2022 \u2014\u00a0 nachts \u2191\u219314\u00b0 tags \u219331\u00b0\u00a0 \u2013 Sonne \u2013\u00a0 \u2013 18-36 km\/h S Jetzt kann Regen kommen! Der Caravan hat sein neues Dach &#8211; dicht und nachhaltig. Und tats\u00e4chlich, f\u00fcr kommende Woche ist an zwei Tagen Regen angek\u00fcndigt.<\/p>\n","protected":false},"author":1,"featured_media":0,"comment_status":"open","ping_status":"closed","sticky":false,"template":"","format":"standard","meta":{"footnotes":""},"categories":[10],"tags":[],"class_list":["post-22670","post","type-post","status-publish","format-standard","hentry","category-allgemein"],"_links":{"self":[{"href":"https:\/\/goladinha.eu\/blog\/wp-json\/wp\/v2\/posts\/22670","targetHints":{"allow":["GET"]}}],"collection":[{"href":"https:\/\/goladinha.eu\/blog\/wp-json\/wp\/v2\/posts"}],"about":[{"href":"https:\/\/goladinha.eu\/blog\/wp-json\/wp\/v2\/types\/post"}],"author":[{"embeddable":true,"href":"https:\/\/goladinha.eu\/blog\/wp-json\/wp\/v2\/users\/1"}],"replies":[{"embeddable":true,"href":"https:\/\/goladinha.eu\/blog\/wp-json\/wp\/v2\/comments?post=22670"}],"version-history":[{"count":4,"href":"https:\/\/goladinha.eu\/blog\/wp-json\/wp\/v2\/posts\/22670\/revisions"}],"predecessor-version":[{"id":22675,"href":"https:\/\/goladinha.eu\/blog\/wp-json\/wp\/v2\/posts\/22670\/revisions\/22675"}],"wp:attachment":[{"href":"https:\/\/goladinha.eu\/blog\/wp-json\/wp\/v2\/media?parent=22670"}],"wp:term":[{"taxonomy":"category","embeddable":true,"href":"https:\/\/goladinha.eu\/blog\/wp-json\/wp\/v2\/categories?post=22670"},{"taxonomy":"post_tag","embeddable":true,"href":"https:\/\/goladinha.eu\/blog\/wp-json\/wp\/v2\/tags?post=22670"}],"curies":[{"name":"wp","href":"https:\/\/api.w.org\/{rel}","templated":true}]}}