{"id":21467,"date":"2022-04-02T21:02:19","date_gmt":"2022-04-02T20:02:19","guid":{"rendered":"https:\/\/goladinha.eu\/blog\/?p=21467"},"modified":"2022-04-04T07:16:33","modified_gmt":"2022-04-04T06:16:33","slug":"folgendes","status":"publish","type":"post","link":"https:\/\/goladinha.eu\/blog\/2022\/04\/02\/folgendes\/","title":{"rendered":"Schleppdach 2"},"content":{"rendered":"<p>Sabado 02 de Abril de 2022 \u2013 <strong>nachts <span style=\"color: #000080;\">\u2193\u2193-1\u00b0<\/span><\/strong>\u00a0 \u2014\u00a0 <strong>tags<\/strong>\u00a0 \u2191\u219314\u00b0 \u2013\u00a0 <span style=\"color: #ff6600;\">Sonne<\/span><\/p>\n<p>Der erste Teil der <a href=\"https:\/\/goladinha.eu\/blog\/2022\/03\/21\/schleppdach\/\" target=\"_blank\" rel=\"noopener\">\u00dcberdachung hinter dem oberen Haus<\/a> (abgebrannt 2017) ist, bis auf etwaige Aussenw\u00e4nde, fertig. F\u00fcr den zweiten Teil, der nicht ganz so hoch wird, stehen bereits die St\u00fctzen.<br \/>\nDie Sparren sind allesamt recyclelte Eichenbalken die wir aus den vorderen H\u00e4usern ausgebaut hatten. <a href=\"https:\/\/goladinha.eu\/blog\/wp-content\/files\/2022\/04\/alpendre_ob_haus_020422.jpg\" target=\"_blank\" rel=\"noopener\"><img loading=\"lazy\" decoding=\"async\" class=\"wp-image-21476 size-medium\" src=\"https:\/\/goladinha.eu\/blog\/wp-content\/files\/2022\/04\/alpendre_ob_haus_020422-500x338.jpg\" alt=\"Alpendre, Unterstand, Lagerraum, oberes Haus, Goladinha, Portugal\" width=\"500\" height=\"338\" srcset=\"https:\/\/goladinha.eu\/blog\/wp-content\/files\/2022\/04\/alpendre_ob_haus_020422-500x338.jpg 500w, https:\/\/goladinha.eu\/blog\/wp-content\/files\/2022\/04\/alpendre_ob_haus_020422-150x100.jpg 150w, https:\/\/goladinha.eu\/blog\/wp-content\/files\/2022\/04\/alpendre_ob_haus_020422-768x520.jpg 768w, https:\/\/goladinha.eu\/blog\/wp-content\/files\/2022\/04\/alpendre_ob_haus_020422-1536x1039.jpg 1536w, https:\/\/goladinha.eu\/blog\/wp-content\/files\/2022\/04\/alpendre_ob_haus_020422.jpg 1920w\" sizes=\"auto, (max-width: 500px) 100vw, 500px\" \/><\/a><br \/>\nDie vordere Pfette war bis vor wenigen Tagen noch ein unn\u00fctzer Telefonmast der neben unserem Postkasten stand &#8211; die Motors\u00e4ge ver\u00e4nderte den Verwendungszweck \ud83d\ude09<\/p>\n<div id=\"attachment_21477\" style=\"width: 510px\" class=\"wp-caption alignnone\"><a href=\"https:\/\/goladinha.eu\/blog\/wp-content\/files\/2022\/04\/alpendre_ob_haus_030422.jpg\" target=\"_blank\" rel=\"noopener\"><img loading=\"lazy\" decoding=\"async\" aria-describedby=\"caption-attachment-21477\" class=\"wp-image-21477 size-medium\" src=\"https:\/\/goladinha.eu\/blog\/wp-content\/files\/2022\/04\/alpendre_ob_haus_030422-500x339.jpg\" alt=\"Alpendre, Unterstand, Lagerraum, oberes Haus, Goladinha, Portugal\" width=\"500\" height=\"339\" srcset=\"https:\/\/goladinha.eu\/blog\/wp-content\/files\/2022\/04\/alpendre_ob_haus_030422-500x339.jpg 500w, https:\/\/goladinha.eu\/blog\/wp-content\/files\/2022\/04\/alpendre_ob_haus_030422-768x521.jpg 768w, https:\/\/goladinha.eu\/blog\/wp-content\/files\/2022\/04\/alpendre_ob_haus_030422-1536x1042.jpg 1536w, https:\/\/goladinha.eu\/blog\/wp-content\/files\/2022\/04\/alpendre_ob_haus_030422.jpg 1920w\" sizes=\"auto, (max-width: 500px) 100vw, 500px\" \/><\/a><p id=\"caption-attachment-21477\" class=\"wp-caption-text\">Da wir eine m\u00f6glichst grosse Spannweite erzielen wollten, haben wir die unterschiedlich langen Sparren mit Brettern geschient.<\/p><\/div>\n","protected":false},"excerpt":{"rendered":"<p>Sabado 02 de Abril de 2022 \u2013 nachts \u2193\u2193-1\u00b0\u00a0 \u2014\u00a0 tags\u00a0 \u2191\u219314\u00b0 \u2013\u00a0 Sonne Der erste Teil der \u00dcberdachung hinter dem oberen Haus (abgebrannt 2017) ist, bis auf etwaige Aussenw\u00e4nde, fertig. F\u00fcr den zweiten Teil, der nicht ganz so hoch wird, stehen bereits die St\u00fctzen. Die Sparren sind allesamt recyclelte Eichenbalken die wir aus den [&hellip;]<\/p>\n","protected":false},"author":1,"featured_media":0,"comment_status":"open","ping_status":"closed","sticky":false,"template":"","format":"standard","meta":{"footnotes":""},"categories":[10],"tags":[],"class_list":["post-21467","post","type-post","status-publish","format-standard","hentry","category-allgemein"],"_links":{"self":[{"href":"https:\/\/goladinha.eu\/blog\/wp-json\/wp\/v2\/posts\/21467","targetHints":{"allow":["GET"]}}],"collection":[{"href":"https:\/\/goladinha.eu\/blog\/wp-json\/wp\/v2\/posts"}],"about":[{"href":"https:\/\/goladinha.eu\/blog\/wp-json\/wp\/v2\/types\/post"}],"author":[{"embeddable":true,"href":"https:\/\/goladinha.eu\/blog\/wp-json\/wp\/v2\/users\/1"}],"replies":[{"embeddable":true,"href":"https:\/\/goladinha.eu\/blog\/wp-json\/wp\/v2\/comments?post=21467"}],"version-history":[{"count":5,"href":"https:\/\/goladinha.eu\/blog\/wp-json\/wp\/v2\/posts\/21467\/revisions"}],"predecessor-version":[{"id":21487,"href":"https:\/\/goladinha.eu\/blog\/wp-json\/wp\/v2\/posts\/21467\/revisions\/21487"}],"wp:attachment":[{"href":"https:\/\/goladinha.eu\/blog\/wp-json\/wp\/v2\/media?parent=21467"}],"wp:term":[{"taxonomy":"category","embeddable":true,"href":"https:\/\/goladinha.eu\/blog\/wp-json\/wp\/v2\/categories?post=21467"},{"taxonomy":"post_tag","embeddable":true,"href":"https:\/\/goladinha.eu\/blog\/wp-json\/wp\/v2\/tags?post=21467"}],"curies":[{"name":"wp","href":"https:\/\/api.w.org\/{rel}","templated":true}]}}