{"id":21386,"date":"2022-03-24T21:06:32","date_gmt":"2022-03-24T21:06:32","guid":{"rendered":"https:\/\/goladinha.eu\/blog\/?p=21386"},"modified":"2022-03-24T21:07:28","modified_gmt":"2022-03-24T21:07:28","slug":"das-fruehjahr-geht-ab","status":"publish","type":"post","link":"https:\/\/goladinha.eu\/blog\/2022\/03\/24\/das-fruehjahr-geht-ab\/","title":{"rendered":"das Fr\u00fchjahr geht ab"},"content":{"rendered":"<p>Quinta 24 de Mar\u00e7o de 2022 \u2013 <strong>nachts <\/strong>\u21937\u00b0\u00a0 \u2014\u00a0 <strong>tags<\/strong>\u00a0 \u219116\u00b0 \u2013\u00a0 <span style=\"color: #ff6600;\">\u00fcberwiegend Sonne<\/span>, <span style=\"color: #808080;\">Bew\u00f6lkung<\/span><\/p>\n<p>GR\u00dcN und BUNT zeigt sich das kalendarisch noch junge Fr\u00fchjahr. Vor allen anderen hat es die <a href=\"https:\/\/de.wikipedia.org\/wiki\/Mariendistel\" target=\"_blank\" rel=\"noopener\">Mariendistel heuer besonders eilig<\/a> &#8211; sie bl\u00fcht bereits.<\/p>\n<div id=\"attachment_21388\" style=\"width: 510px\" class=\"wp-caption alignnone\"><a href=\"https:\/\/goladinha.eu\/blog\/wp-content\/files\/2022\/03\/mariendistel_240322.jpg\" target=\"_blank\" rel=\"noopener\"><img loading=\"lazy\" decoding=\"async\" aria-describedby=\"caption-attachment-21388\" class=\"wp-image-21388 size-medium\" src=\"https:\/\/goladinha.eu\/blog\/wp-content\/files\/2022\/03\/mariendistel_240322-500x375.jpg\" alt=\"Mariendistel, Lebermittel, fr\u00fch im Jahr, Goladinha. Portugal\" width=\"500\" height=\"375\" srcset=\"https:\/\/goladinha.eu\/blog\/wp-content\/files\/2022\/03\/mariendistel_240322-500x375.jpg 500w, https:\/\/goladinha.eu\/blog\/wp-content\/files\/2022\/03\/mariendistel_240322-1760x1320.jpg 1760w, https:\/\/goladinha.eu\/blog\/wp-content\/files\/2022\/03\/mariendistel_240322-768x576.jpg 768w, https:\/\/goladinha.eu\/blog\/wp-content\/files\/2022\/03\/mariendistel_240322-1536x1152.jpg 1536w, https:\/\/goladinha.eu\/blog\/wp-content\/files\/2022\/03\/mariendistel_240322.jpg 2048w\" sizes=\"auto, (max-width: 500px) 100vw, 500px\" \/><\/a><p id=\"caption-attachment-21388\" class=\"wp-caption-text\">Die Holunderb\u00fcsche sind vollends belaubt und alle anderen B\u00e4ume treiben munter aus. GR\u00dcN all \u00dcBERALL.Die Mimosenb\u00e4ume verbl\u00fchen langsam und ihre zahllosen Samen bereiten sich auf grenzenlose Vermehrung vor.<\/p><\/div>\n","protected":false},"excerpt":{"rendered":"<p>Quinta 24 de Mar\u00e7o de 2022 \u2013 nachts \u21937\u00b0\u00a0 \u2014\u00a0 tags\u00a0 \u219116\u00b0 \u2013\u00a0 \u00fcberwiegend Sonne, Bew\u00f6lkung GR\u00dcN und BUNT zeigt sich das kalendarisch noch junge Fr\u00fchjahr. Vor allen anderen hat es die Mariendistel heuer besonders eilig &#8211; sie bl\u00fcht bereits.<\/p>\n","protected":false},"author":1,"featured_media":0,"comment_status":"open","ping_status":"closed","sticky":false,"template":"","format":"standard","meta":{"footnotes":""},"categories":[10],"tags":[],"class_list":["post-21386","post","type-post","status-publish","format-standard","hentry","category-allgemein"],"_links":{"self":[{"href":"https:\/\/goladinha.eu\/blog\/wp-json\/wp\/v2\/posts\/21386","targetHints":{"allow":["GET"]}}],"collection":[{"href":"https:\/\/goladinha.eu\/blog\/wp-json\/wp\/v2\/posts"}],"about":[{"href":"https:\/\/goladinha.eu\/blog\/wp-json\/wp\/v2\/types\/post"}],"author":[{"embeddable":true,"href":"https:\/\/goladinha.eu\/blog\/wp-json\/wp\/v2\/users\/1"}],"replies":[{"embeddable":true,"href":"https:\/\/goladinha.eu\/blog\/wp-json\/wp\/v2\/comments?post=21386"}],"version-history":[{"count":5,"href":"https:\/\/goladinha.eu\/blog\/wp-json\/wp\/v2\/posts\/21386\/revisions"}],"predecessor-version":[{"id":21392,"href":"https:\/\/goladinha.eu\/blog\/wp-json\/wp\/v2\/posts\/21386\/revisions\/21392"}],"wp:attachment":[{"href":"https:\/\/goladinha.eu\/blog\/wp-json\/wp\/v2\/media?parent=21386"}],"wp:term":[{"taxonomy":"category","embeddable":true,"href":"https:\/\/goladinha.eu\/blog\/wp-json\/wp\/v2\/categories?post=21386"},{"taxonomy":"post_tag","embeddable":true,"href":"https:\/\/goladinha.eu\/blog\/wp-json\/wp\/v2\/tags?post=21386"}],"curies":[{"name":"wp","href":"https:\/\/api.w.org\/{rel}","templated":true}]}}