{"id":21345,"date":"2022-03-20T18:09:05","date_gmt":"2022-03-20T18:09:05","guid":{"rendered":"https:\/\/goladinha.eu\/blog\/?p=21345"},"modified":"2022-04-01T21:54:24","modified_gmt":"2022-04-01T20:54:24","slug":"vollmond-tag-und-nacht-gleiche","status":"publish","type":"post","link":"https:\/\/goladinha.eu\/blog\/2022\/03\/20\/vollmond-tag-und-nacht-gleiche\/","title":{"rendered":"Vollmond &#8211; Tag-und-Nacht-Gleiche"},"content":{"rendered":"<p>Domingo 20 de Mar\u00e7o de 2022 \u2013 <strong>nachts <\/strong>\u2191\u219110\u00b0 \u2014\u00a0 <strong>tags<\/strong>\u00a0 \u219317\u00b0 \u2013\u00a0 <strong>Sonne <\/strong>und Bew\u00f6lkung<strong><br \/>\n<\/strong><\/p>\n<p>Beinah gleichzeitig: Vollmond und Tagundnachtgleiche.<br \/>\nGedanken zum M\u00e4rzvollmond\u00a0 2022 zitieren wir hier von der <a href=\"https:\/\/www.vollmond.info\/\" target=\"_blank\" rel=\"noopener\">Website des Ehepaars Werner<\/a>, Starnberg, die eine sehr informative Seite \u00fcber VOLLMOND pflegen und einen monatlichen kostenlosen Vollmond-Newsletter anbieten.<br \/>\n<strong><span style=\"color: #000080;\"><em>&#8222;Wir leben in Zeiten, in denen uns schmerzhaft bewusst wird, wie Krieg uns innerlich erreicht und ersch\u00fcttert, gleichg\u00fcltig, wie weit wir davon entfernt sein m\u00f6gen. Kriege ziehen sich durch die Geschichte der Menschheit und hinterlassen eine Schneise der Verw\u00fcstung, in der sichtbaren Welt ebenso, wie in unseren Gedanken und Gef\u00fchlen. Wahrscheinlich ist Zerst\u00f6rung und Gewalt genauso alt, wie unsere Sehnsucht nach Frieden und Liebe. Und wir geraten in eine tiefe Auseinandersetzung mit unseren Werten und fragen uns, was wir f\u00fcr ein harmonisches Leben tun k\u00f6nnen. Krieg beginnt im Inneren und neben den guten Taten, die wir in der Welt vollbringen, k\u00f6nnen wir beginnen, uns als Menschen mit den destruktiven Kr\u00e4ften in uns auseinanderzusetzen. Und mit den lebensbejahenden Aspekten unseres Daseins. Vielleicht wird es somit m\u00f6glich, in kleinen Schritten ein neues Bewusstsein zu schaffen, das uns hilft, uns gemeinsam mit unseren Kindern und Enkelkindern auf den Weg zu machen in eine friedliche Zukunft \u2026&#8220;<\/em><\/span><\/strong><\/p>\n<div id=\"attachment_21347\" style=\"width: 510px\" class=\"wp-caption alignnone\"><a href=\"https:\/\/goladinha.eu\/blog\/wp-content\/files\/2022\/03\/schwed_feu_bolo200322.jpg\" target=\"_blank\" rel=\"noopener\"><img loading=\"lazy\" decoding=\"async\" aria-describedby=\"caption-attachment-21347\" class=\"wp-image-21347 size-medium\" src=\"https:\/\/goladinha.eu\/blog\/wp-content\/files\/2022\/03\/schwed_feu_bolo200322-500x667.jpg\" alt=\"Fr\u00fchjahr Tagundnachtgleiche, Vollmond, Bolo, Goladinha, Portugal\" width=\"500\" height=\"667\" srcset=\"https:\/\/goladinha.eu\/blog\/wp-content\/files\/2022\/03\/schwed_feu_bolo200322-500x667.jpg 500w, https:\/\/goladinha.eu\/blog\/wp-content\/files\/2022\/03\/schwed_feu_bolo200322-990x1320.jpg 990w, https:\/\/goladinha.eu\/blog\/wp-content\/files\/2022\/03\/schwed_feu_bolo200322-768x1024.jpg 768w, https:\/\/goladinha.eu\/blog\/wp-content\/files\/2022\/03\/schwed_feu_bolo200322-1152x1536.jpg 1152w, https:\/\/goladinha.eu\/blog\/wp-content\/files\/2022\/03\/schwed_feu_bolo200322.jpg 1536w\" sizes=\"auto, (max-width: 500px) 100vw, 500px\" \/><\/a><p id=\"caption-attachment-21347\" class=\"wp-caption-text\"><strong>Licht und Schatten<\/strong> &#8211; Schwedenfeuer ansl\u00e4sslich der gestrigen Tag-und-Nacht-Gleiche-Zeremonie in Bolo.<\/p><\/div>\n","protected":false},"excerpt":{"rendered":"<p>Domingo 20 de Mar\u00e7o de 2022 \u2013 nachts \u2191\u219110\u00b0 \u2014\u00a0 tags\u00a0 \u219317\u00b0 \u2013\u00a0 Sonne und Bew\u00f6lkung Beinah gleichzeitig: Vollmond und Tagundnachtgleiche. Gedanken zum M\u00e4rzvollmond\u00a0 2022 zitieren wir hier von der Website des Ehepaars Werner, Starnberg, die eine sehr informative Seite \u00fcber VOLLMOND pflegen und einen monatlichen kostenlosen Vollmond-Newsletter anbieten. &#8222;Wir leben in Zeiten, in denen [&hellip;]<\/p>\n","protected":false},"author":1,"featured_media":0,"comment_status":"open","ping_status":"closed","sticky":false,"template":"","format":"standard","meta":{"footnotes":""},"categories":[10],"tags":[],"class_list":["post-21345","post","type-post","status-publish","format-standard","hentry","category-allgemein"],"_links":{"self":[{"href":"https:\/\/goladinha.eu\/blog\/wp-json\/wp\/v2\/posts\/21345","targetHints":{"allow":["GET"]}}],"collection":[{"href":"https:\/\/goladinha.eu\/blog\/wp-json\/wp\/v2\/posts"}],"about":[{"href":"https:\/\/goladinha.eu\/blog\/wp-json\/wp\/v2\/types\/post"}],"author":[{"embeddable":true,"href":"https:\/\/goladinha.eu\/blog\/wp-json\/wp\/v2\/users\/1"}],"replies":[{"embeddable":true,"href":"https:\/\/goladinha.eu\/blog\/wp-json\/wp\/v2\/comments?post=21345"}],"version-history":[{"count":10,"href":"https:\/\/goladinha.eu\/blog\/wp-json\/wp\/v2\/posts\/21345\/revisions"}],"predecessor-version":[{"id":21352,"href":"https:\/\/goladinha.eu\/blog\/wp-json\/wp\/v2\/posts\/21345\/revisions\/21352"}],"wp:attachment":[{"href":"https:\/\/goladinha.eu\/blog\/wp-json\/wp\/v2\/media?parent=21345"}],"wp:term":[{"taxonomy":"category","embeddable":true,"href":"https:\/\/goladinha.eu\/blog\/wp-json\/wp\/v2\/categories?post=21345"},{"taxonomy":"post_tag","embeddable":true,"href":"https:\/\/goladinha.eu\/blog\/wp-json\/wp\/v2\/tags?post=21345"}],"curies":[{"name":"wp","href":"https:\/\/api.w.org\/{rel}","templated":true}]}}