{"id":21303,"date":"2022-03-15T21:07:34","date_gmt":"2022-03-15T21:07:34","guid":{"rendered":"https:\/\/goladinha.eu\/blog\/?p=21303"},"modified":"2022-03-16T07:47:10","modified_gmt":"2022-03-16T07:47:10","slug":"wuestenstaub","status":"publish","type":"post","link":"https:\/\/goladinha.eu\/blog\/2022\/03\/15\/wuestenstaub\/","title":{"rendered":"W\u00fcstenstaub"},"content":{"rendered":"<p>Terca 15 de Mar\u00e7o de 2022 \u2013 <strong>nachts <\/strong>\u21932\u00b0 \u2014\u00a0 <strong>tags<\/strong>\u00a0 \u2191\u219120\u00b0 \u2013\u00a0 <strong><span style=\"color: #ffcc00;\">Sahara-Sand-Bew\u00f6lkung<\/span><\/strong>, <span style=\"color: #ff6600;\">Sonne<\/span><\/p>\n<p>Trotz sonniger Wettervorhersage blieb es in Goladinha den ganzen Tag \u00fcber diesig. Wir dachten es m\u00fcsse der Talnebel sein, der hin und wieder die Sonne einzutr\u00fcben vermag.<br \/>\nIrgendwann kam es uns jedoch komisch vor und gleichzeitig erfuhren wir von W\u00fcstenstaub der sich nicht nur in unserem Tal breitgemacht hatte, <a href=\"https:\/\/www.tagesschau.de\/ausland\/europa\/sahara-staub-109.html\" target=\"_blank\" rel=\"noopener\">sondern ganz Europa \u00fcberzieht.<\/a><\/p>\n<div id=\"attachment_21306\" style=\"width: 510px\" class=\"wp-caption alignnone\"><a href=\"https:\/\/goladinha.eu\/blog\/wp-content\/files\/2022\/03\/sahara_sand2_150322.jpg\" target=\"_blank\" rel=\"noopener\"><img loading=\"lazy\" decoding=\"async\" aria-describedby=\"caption-attachment-21306\" class=\"wp-image-21306 size-medium\" src=\"https:\/\/goladinha.eu\/blog\/wp-content\/files\/2022\/03\/sahara_sand2_150322-500x340.jpg\" alt=\"Saharasand, Sonnenfinsternis, Himmel gelb, Goladinha, Portugal\" width=\"500\" height=\"340\" srcset=\"https:\/\/goladinha.eu\/blog\/wp-content\/files\/2022\/03\/sahara_sand2_150322-500x340.jpg 500w, https:\/\/goladinha.eu\/blog\/wp-content\/files\/2022\/03\/sahara_sand2_150322-768x522.jpg 768w, https:\/\/goladinha.eu\/blog\/wp-content\/files\/2022\/03\/sahara_sand2_150322-1536x1044.jpg 1536w, https:\/\/goladinha.eu\/blog\/wp-content\/files\/2022\/03\/sahara_sand2_150322.jpg 1920w\" sizes=\"auto, (max-width: 500px) 100vw, 500px\" \/><\/a><p id=\"caption-attachment-21306\" class=\"wp-caption-text\">Gegen 17.00 Uhr- statt eines satten Abendrot ein mattes Gelb.<\/p><\/div>\n<div id=\"attachment_21305\" style=\"width: 510px\" class=\"wp-caption alignnone\"><a href=\"https:\/\/goladinha.eu\/blog\/wp-content\/files\/2022\/03\/sahara_sand1_150322.jpg\" target=\"_blank\" rel=\"noopener\"><img loading=\"lazy\" decoding=\"async\" aria-describedby=\"caption-attachment-21305\" class=\"wp-image-21305 size-medium\" src=\"https:\/\/goladinha.eu\/blog\/wp-content\/files\/2022\/03\/sahara_sand1_150322-500x327.jpg\" alt=\"Saharasand, Sonnenfinsternis, Himmel gelb, Goladinha, Portugal\" width=\"500\" height=\"327\" srcset=\"https:\/\/goladinha.eu\/blog\/wp-content\/files\/2022\/03\/sahara_sand1_150322-500x327.jpg 500w, https:\/\/goladinha.eu\/blog\/wp-content\/files\/2022\/03\/sahara_sand1_150322-768x502.jpg 768w, https:\/\/goladinha.eu\/blog\/wp-content\/files\/2022\/03\/sahara_sand1_150322-1536x1004.jpg 1536w, https:\/\/goladinha.eu\/blog\/wp-content\/files\/2022\/03\/sahara_sand1_150322.jpg 1920w\" sizes=\"auto, (max-width: 500px) 100vw, 500px\" \/><\/a><p id=\"caption-attachment-21305\" class=\"wp-caption-text\">So als w\u00fcrde man durch eine Schweisserbrille blicken &#8211; Sonne ohne Strahlkraft<\/p><\/div>\n<p>Solch ein Szenario k\u00f6nnte die ganze Welt nach einem atomaren Schlagabtausch betreffen. Die Staubentwicklung w\u00e4re \u00fcber Monate und Jahre so massiv, dass es deutlich k\u00e4lter werde w\u00fcrde und das ohne ausreichende Sonneneinstrahlung keine Pflanzen mehr wachsen k\u00f6nnten &#8211; das Ende der Menschheit w\u00e4re besiegelt.<\/p>\n","protected":false},"excerpt":{"rendered":"<p>Terca 15 de Mar\u00e7o de 2022 \u2013 nachts \u21932\u00b0 \u2014\u00a0 tags\u00a0 \u2191\u219120\u00b0 \u2013\u00a0 Sahara-Sand-Bew\u00f6lkung, Sonne Trotz sonniger Wettervorhersage blieb es in Goladinha den ganzen Tag \u00fcber diesig. Wir dachten es m\u00fcsse der Talnebel sein, der hin und wieder die Sonne einzutr\u00fcben vermag. Irgendwann kam es uns jedoch komisch vor und gleichzeitig erfuhren wir von W\u00fcstenstaub [&hellip;]<\/p>\n","protected":false},"author":1,"featured_media":0,"comment_status":"open","ping_status":"closed","sticky":false,"template":"","format":"standard","meta":{"footnotes":""},"categories":[10],"tags":[],"class_list":["post-21303","post","type-post","status-publish","format-standard","hentry","category-allgemein"],"_links":{"self":[{"href":"https:\/\/goladinha.eu\/blog\/wp-json\/wp\/v2\/posts\/21303","targetHints":{"allow":["GET"]}}],"collection":[{"href":"https:\/\/goladinha.eu\/blog\/wp-json\/wp\/v2\/posts"}],"about":[{"href":"https:\/\/goladinha.eu\/blog\/wp-json\/wp\/v2\/types\/post"}],"author":[{"embeddable":true,"href":"https:\/\/goladinha.eu\/blog\/wp-json\/wp\/v2\/users\/1"}],"replies":[{"embeddable":true,"href":"https:\/\/goladinha.eu\/blog\/wp-json\/wp\/v2\/comments?post=21303"}],"version-history":[{"count":5,"href":"https:\/\/goladinha.eu\/blog\/wp-json\/wp\/v2\/posts\/21303\/revisions"}],"predecessor-version":[{"id":21310,"href":"https:\/\/goladinha.eu\/blog\/wp-json\/wp\/v2\/posts\/21303\/revisions\/21310"}],"wp:attachment":[{"href":"https:\/\/goladinha.eu\/blog\/wp-json\/wp\/v2\/media?parent=21303"}],"wp:term":[{"taxonomy":"category","embeddable":true,"href":"https:\/\/goladinha.eu\/blog\/wp-json\/wp\/v2\/categories?post=21303"},{"taxonomy":"post_tag","embeddable":true,"href":"https:\/\/goladinha.eu\/blog\/wp-json\/wp\/v2\/tags?post=21303"}],"curies":[{"name":"wp","href":"https:\/\/api.w.org\/{rel}","templated":true}]}}