{"id":20948,"date":"2022-02-01T17:49:58","date_gmt":"2022-02-01T17:49:58","guid":{"rendered":"https:\/\/goladinha.eu\/blog\/?p=20948"},"modified":"2022-02-01T18:32:37","modified_gmt":"2022-02-01T18:32:37","slug":"lila-duftend","status":"publish","type":"post","link":"https:\/\/goladinha.eu\/blog\/2022\/02\/01\/lila-duftend\/","title":{"rendered":"lila duftend"},"content":{"rendered":"<p>Terca 01. de Fevereio 2022 \u2013 <strong>nachts <\/strong>\u2191\u2193-1\u00b0\u00a0 \u2014 <strong>tags<\/strong> \u219316\u00b0 \u2013 <span style=\"color: #ff6600;\">Sonne<\/span><\/p>\n<p>Unter unserem <a href=\"https:\/\/goladinha.eu\/blog\/index.php?s=guave\" target=\"_blank\" rel=\"noopener\">Guavenb\u00e4umchen<\/a> bl\u00fcht \u00fcppig, lila und sehr fein duftend eine Blume.<br \/>\nWir kennen ihren Namen nicht, was aber auch nicht so wichtig ist &#8211; wir erfreuen uns auch so an dem Wunder der Natur, mitten im Winter.<\/p>\n<div id=\"attachment_20949\" style=\"width: 510px\" class=\"wp-caption alignnone\"><a href=\"https:\/\/goladinha.eu\/blog\/wp-content\/files\/2022\/02\/blume_duft_010222.jpg\" target=\"_blank\" rel=\"noopener\"><img loading=\"lazy\" decoding=\"async\" aria-describedby=\"caption-attachment-20949\" class=\"wp-image-20949 size-medium\" src=\"https:\/\/goladinha.eu\/blog\/wp-content\/files\/2022\/02\/blume_duft_010222-500x608.jpg\" alt=\"Blume Anfang Februar, duftend, lila, Goladinha, Portugal\" width=\"500\" height=\"608\" srcset=\"https:\/\/goladinha.eu\/blog\/wp-content\/files\/2022\/02\/blume_duft_010222-500x608.jpg 500w, https:\/\/goladinha.eu\/blog\/wp-content\/files\/2022\/02\/blume_duft_010222-1086x1320.jpg 1086w, https:\/\/goladinha.eu\/blog\/wp-content\/files\/2022\/02\/blume_duft_010222-768x933.jpg 768w, https:\/\/goladinha.eu\/blog\/wp-content\/files\/2022\/02\/blume_duft_010222-1264x1536.jpg 1264w, https:\/\/goladinha.eu\/blog\/wp-content\/files\/2022\/02\/blume_duft_010222-1685x2048.jpg 1685w, https:\/\/goladinha.eu\/blog\/wp-content\/files\/2022\/02\/blume_duft_010222.jpg 1920w\" sizes=\"auto, (max-width: 500px) 100vw, 500px\" \/><\/a><p id=\"caption-attachment-20949\" class=\"wp-caption-text\">Auch dem Buddha scheint diese Pflanze zu erfreuen &#8211; genau so dem Insekt, dass sich am Nektar labt.<\/p><\/div>\n","protected":false},"excerpt":{"rendered":"<p>Terca 01. de Fevereio 2022 \u2013 nachts \u2191\u2193-1\u00b0\u00a0 \u2014 tags \u219316\u00b0 \u2013 Sonne Unter unserem Guavenb\u00e4umchen bl\u00fcht \u00fcppig, lila und sehr fein duftend eine Blume. Wir kennen ihren Namen nicht, was aber auch nicht so wichtig ist &#8211; wir erfreuen uns auch so an dem Wunder der Natur, mitten im Winter.<\/p>\n","protected":false},"author":1,"featured_media":0,"comment_status":"open","ping_status":"closed","sticky":false,"template":"","format":"standard","meta":{"footnotes":""},"categories":[10],"tags":[],"class_list":["post-20948","post","type-post","status-publish","format-standard","hentry","category-allgemein"],"_links":{"self":[{"href":"https:\/\/goladinha.eu\/blog\/wp-json\/wp\/v2\/posts\/20948","targetHints":{"allow":["GET"]}}],"collection":[{"href":"https:\/\/goladinha.eu\/blog\/wp-json\/wp\/v2\/posts"}],"about":[{"href":"https:\/\/goladinha.eu\/blog\/wp-json\/wp\/v2\/types\/post"}],"author":[{"embeddable":true,"href":"https:\/\/goladinha.eu\/blog\/wp-json\/wp\/v2\/users\/1"}],"replies":[{"embeddable":true,"href":"https:\/\/goladinha.eu\/blog\/wp-json\/wp\/v2\/comments?post=20948"}],"version-history":[{"count":4,"href":"https:\/\/goladinha.eu\/blog\/wp-json\/wp\/v2\/posts\/20948\/revisions"}],"predecessor-version":[{"id":20953,"href":"https:\/\/goladinha.eu\/blog\/wp-json\/wp\/v2\/posts\/20948\/revisions\/20953"}],"wp:attachment":[{"href":"https:\/\/goladinha.eu\/blog\/wp-json\/wp\/v2\/media?parent=20948"}],"wp:term":[{"taxonomy":"category","embeddable":true,"href":"https:\/\/goladinha.eu\/blog\/wp-json\/wp\/v2\/categories?post=20948"},{"taxonomy":"post_tag","embeddable":true,"href":"https:\/\/goladinha.eu\/blog\/wp-json\/wp\/v2\/tags?post=20948"}],"curies":[{"name":"wp","href":"https:\/\/api.w.org\/{rel}","templated":true}]}}