{"id":20938,"date":"2022-01-31T20:31:14","date_gmt":"2022-01-31T20:31:14","guid":{"rendered":"https:\/\/goladinha.eu\/blog\/?p=20938"},"modified":"2022-02-01T06:49:42","modified_gmt":"2022-02-01T06:49:42","slug":"ueberraschung-2","status":"publish","type":"post","link":"https:\/\/goladinha.eu\/blog\/2022\/01\/31\/ueberraschung-2\/","title":{"rendered":"\u00dcberraschung"},"content":{"rendered":"<p>Segunda 31. de Janeiro 2022 \u2013 <strong>nachts <\/strong>\u2191\u2193-1\u00b0\u00a0 \u2014 <strong>tags<\/strong> \u219117\u00b0 \u2013 <span style=\"color: #ff6600;\">Sonne<\/span><\/p>\n<p>Ministerpr\u00e4sident Costa (Mustersch\u00fcler Europas bei Krisenbew\u00e4ltigungen) holt bei den vorgezogenen Parlamentswahlen \u00fcberraschend die absolute Mehrheit.<br \/>\nEine weitere \u00dcberraschung ist der Stimmengewinn f\u00fcr die rechtspopulistische Chega (Es reicht) von Spitzenkandidat Andr\u00e9 Ventura &#8211; sie hatten bisher einen Sitz im Parlament und bekommen nun elf.<\/p>\n<div id=\"attachment_20941\" style=\"width: 510px\" class=\"wp-caption alignnone\"><a href=\"https:\/\/goladinha.eu\/blog\/wp-content\/files\/2022\/01\/wahl1_portugal_310122.jpg\" target=\"_blank\" rel=\"noopener\"><img loading=\"lazy\" decoding=\"async\" aria-describedby=\"caption-attachment-20941\" class=\"wp-image-20941 size-medium\" src=\"https:\/\/goladinha.eu\/blog\/wp-content\/files\/2022\/01\/wahl1_portugal_310122-500x375.jpg\" alt=\"Costa, Sozialisten, Wahl gewonnen, Goladinha, Portugal\" width=\"500\" height=\"375\" srcset=\"https:\/\/goladinha.eu\/blog\/wp-content\/files\/2022\/01\/wahl1_portugal_310122-500x375.jpg 500w, https:\/\/goladinha.eu\/blog\/wp-content\/files\/2022\/01\/wahl1_portugal_310122-1760x1320.jpg 1760w, https:\/\/goladinha.eu\/blog\/wp-content\/files\/2022\/01\/wahl1_portugal_310122-768x576.jpg 768w, https:\/\/goladinha.eu\/blog\/wp-content\/files\/2022\/01\/wahl1_portugal_310122-1536x1152.jpg 1536w, https:\/\/goladinha.eu\/blog\/wp-content\/files\/2022\/01\/wahl1_portugal_310122.jpg 1920w\" sizes=\"auto, (max-width: 500px) 100vw, 500px\" \/><\/a><p id=\"caption-attachment-20941\" class=\"wp-caption-text\">Costa hatte im vergangenen Herbst vorgezogene Neuwahlen mehr oder weniger erzwungen &#8211; zuletzt, einige Wochen vor der Wahl,\u00a0 hatte es so ausgesehen als h\u00e4tte sich Costa verzockt &#8211; den Umfragen zufolge wurden Verluste seiner Partei (PS) bef\u00fcrchtet.<\/p><\/div>\n<div id=\"attachment_20942\" style=\"width: 510px\" class=\"wp-caption alignnone\"><a href=\"https:\/\/goladinha.eu\/blog\/wp-content\/files\/2022\/01\/wahl2_portugal_310122.jpg\" target=\"_blank\" rel=\"noopener\"><img loading=\"lazy\" decoding=\"async\" aria-describedby=\"caption-attachment-20942\" class=\"wp-image-20942 size-medium\" src=\"https:\/\/goladinha.eu\/blog\/wp-content\/files\/2022\/01\/wahl2_portugal_310122-500x375.jpg\" alt=\"Costa, Sozialisten, Wahl gewonnen, Goladinha, Portugal\" width=\"500\" height=\"375\" srcset=\"https:\/\/goladinha.eu\/blog\/wp-content\/files\/2022\/01\/wahl2_portugal_310122-500x375.jpg 500w, https:\/\/goladinha.eu\/blog\/wp-content\/files\/2022\/01\/wahl2_portugal_310122-1760x1320.jpg 1760w, https:\/\/goladinha.eu\/blog\/wp-content\/files\/2022\/01\/wahl2_portugal_310122-768x576.jpg 768w, https:\/\/goladinha.eu\/blog\/wp-content\/files\/2022\/01\/wahl2_portugal_310122-1536x1152.jpg 1536w, https:\/\/goladinha.eu\/blog\/wp-content\/files\/2022\/01\/wahl2_portugal_310122.jpg 2048w\" sizes=\"auto, (max-width: 500px) 100vw, 500px\" \/><\/a><p id=\"caption-attachment-20942\" class=\"wp-caption-text\">Um so gr\u00f6sser ist nun die Freude. Seine Minderheitsregierung ist nun Vergangenheit &#8211; er kann nun alleine weiterregieren.<\/p><\/div>\n","protected":false},"excerpt":{"rendered":"<p>Segunda 31. de Janeiro 2022 \u2013 nachts \u2191\u2193-1\u00b0\u00a0 \u2014 tags \u219117\u00b0 \u2013 Sonne Ministerpr\u00e4sident Costa (Mustersch\u00fcler Europas bei Krisenbew\u00e4ltigungen) holt bei den vorgezogenen Parlamentswahlen \u00fcberraschend die absolute Mehrheit. Eine weitere \u00dcberraschung ist der Stimmengewinn f\u00fcr die rechtspopulistische Chega (Es reicht) von Spitzenkandidat Andr\u00e9 Ventura &#8211; sie hatten bisher einen Sitz im Parlament und bekommen nun [&hellip;]<\/p>\n","protected":false},"author":1,"featured_media":0,"comment_status":"open","ping_status":"closed","sticky":false,"template":"","format":"standard","meta":{"footnotes":""},"categories":[10],"tags":[],"class_list":["post-20938","post","type-post","status-publish","format-standard","hentry","category-allgemein"],"_links":{"self":[{"href":"https:\/\/goladinha.eu\/blog\/wp-json\/wp\/v2\/posts\/20938","targetHints":{"allow":["GET"]}}],"collection":[{"href":"https:\/\/goladinha.eu\/blog\/wp-json\/wp\/v2\/posts"}],"about":[{"href":"https:\/\/goladinha.eu\/blog\/wp-json\/wp\/v2\/types\/post"}],"author":[{"embeddable":true,"href":"https:\/\/goladinha.eu\/blog\/wp-json\/wp\/v2\/users\/1"}],"replies":[{"embeddable":true,"href":"https:\/\/goladinha.eu\/blog\/wp-json\/wp\/v2\/comments?post=20938"}],"version-history":[{"count":6,"href":"https:\/\/goladinha.eu\/blog\/wp-json\/wp\/v2\/posts\/20938\/revisions"}],"predecessor-version":[{"id":20947,"href":"https:\/\/goladinha.eu\/blog\/wp-json\/wp\/v2\/posts\/20938\/revisions\/20947"}],"wp:attachment":[{"href":"https:\/\/goladinha.eu\/blog\/wp-json\/wp\/v2\/media?parent=20938"}],"wp:term":[{"taxonomy":"category","embeddable":true,"href":"https:\/\/goladinha.eu\/blog\/wp-json\/wp\/v2\/categories?post=20938"},{"taxonomy":"post_tag","embeddable":true,"href":"https:\/\/goladinha.eu\/blog\/wp-json\/wp\/v2\/tags?post=20938"}],"curies":[{"name":"wp","href":"https:\/\/api.w.org\/{rel}","templated":true}]}}