{"id":20833,"date":"2022-01-17T19:25:40","date_gmt":"2022-01-17T19:25:40","guid":{"rendered":"https:\/\/goladinha.eu\/blog\/?p=20833"},"modified":"2022-01-17T19:35:08","modified_gmt":"2022-01-17T19:35:08","slug":"20833","status":"publish","type":"post","link":"https:\/\/goladinha.eu\/blog\/2022\/01\/17\/20833\/","title":{"rendered":"Das Laub der Eichen"},"content":{"rendered":"<p>Segunda 17. Janeiro de Janeiro 2022 \u2013 <strong>nachts<\/strong> \u2193-1\u00b0\u00a0 \u2014 <strong>tags<\/strong> \u219114\u00b0 \u2013 <span style=\"color: #ff9900;\">Sonne<\/span><\/p>\n<p>Die Eichen in Portugal verlieren nicht, wie in Zentraleuropa \u00fcblich, ihr Laub im Herbst &#8211; sodass der Baum laublos \u00fcberwintert. Es gibt verschiedene Szenarien. Am h\u00e4ufigsten werden die Bl\u00e4tter im Herbst welk, bleiben aber den Winter \u00fcber an den Zweigen h\u00e4ngen. Erst im Fr\u00fchjahr fallt es ab und neue Bl\u00e4tter wachsen heran. Dann gibt es tats\u00e4chlich auch Eichen die beinahe all ihr Laub verlieren und dann kahl durch den Winter gehen &#8211; aber das sind die wenigsten.<\/p>\n<div id=\"attachment_20835\" style=\"width: 510px\" class=\"wp-caption alignnone\"><a href=\"https:\/\/goladinha.eu\/blog\/wp-content\/files\/2022\/01\/eichen_laub_170122.jpg\" target=\"_blank\" rel=\"noopener\"><img loading=\"lazy\" decoding=\"async\" aria-describedby=\"caption-attachment-20835\" class=\"wp-image-20835 size-medium\" src=\"https:\/\/goladinha.eu\/blog\/wp-content\/files\/2022\/01\/eichen_laub_170122-500x375.jpg\" alt=\"Eichen, Laub, Herbst, Winter, gr\u00fcn, verwelkt, Goladinha, Portugalt\" width=\"500\" height=\"375\" srcset=\"https:\/\/goladinha.eu\/blog\/wp-content\/files\/2022\/01\/eichen_laub_170122-500x375.jpg 500w, https:\/\/goladinha.eu\/blog\/wp-content\/files\/2022\/01\/eichen_laub_170122-1760x1320.jpg 1760w, https:\/\/goladinha.eu\/blog\/wp-content\/files\/2022\/01\/eichen_laub_170122-768x576.jpg 768w, https:\/\/goladinha.eu\/blog\/wp-content\/files\/2022\/01\/eichen_laub_170122-1536x1152.jpg 1536w, https:\/\/goladinha.eu\/blog\/wp-content\/files\/2022\/01\/eichen_laub_170122.jpg 1920w\" sizes=\"auto, (max-width: 500px) 100vw, 500px\" \/><\/a><p id=\"caption-attachment-20835\" class=\"wp-caption-text\">Und es gibt die Mischform. Teile der Krone tragen noch ihre verwelkten Bl\u00e4tter und andere Teile behalten die gr\u00fcnen Bl\u00e4tter.<\/p><\/div>\n","protected":false},"excerpt":{"rendered":"<p>Segunda 17. Janeiro de Janeiro 2022 \u2013 nachts \u2193-1\u00b0\u00a0 \u2014 tags \u219114\u00b0 \u2013 Sonne Die Eichen in Portugal verlieren nicht, wie in Zentraleuropa \u00fcblich, ihr Laub im Herbst &#8211; sodass der Baum laublos \u00fcberwintert. Es gibt verschiedene Szenarien. Am h\u00e4ufigsten werden die Bl\u00e4tter im Herbst welk, bleiben aber den Winter \u00fcber an den Zweigen h\u00e4ngen. [&hellip;]<\/p>\n","protected":false},"author":1,"featured_media":0,"comment_status":"open","ping_status":"closed","sticky":false,"template":"","format":"standard","meta":{"footnotes":""},"categories":[10],"tags":[],"class_list":["post-20833","post","type-post","status-publish","format-standard","hentry","category-allgemein"],"_links":{"self":[{"href":"https:\/\/goladinha.eu\/blog\/wp-json\/wp\/v2\/posts\/20833","targetHints":{"allow":["GET"]}}],"collection":[{"href":"https:\/\/goladinha.eu\/blog\/wp-json\/wp\/v2\/posts"}],"about":[{"href":"https:\/\/goladinha.eu\/blog\/wp-json\/wp\/v2\/types\/post"}],"author":[{"embeddable":true,"href":"https:\/\/goladinha.eu\/blog\/wp-json\/wp\/v2\/users\/1"}],"replies":[{"embeddable":true,"href":"https:\/\/goladinha.eu\/blog\/wp-json\/wp\/v2\/comments?post=20833"}],"version-history":[{"count":7,"href":"https:\/\/goladinha.eu\/blog\/wp-json\/wp\/v2\/posts\/20833\/revisions"}],"predecessor-version":[{"id":20841,"href":"https:\/\/goladinha.eu\/blog\/wp-json\/wp\/v2\/posts\/20833\/revisions\/20841"}],"wp:attachment":[{"href":"https:\/\/goladinha.eu\/blog\/wp-json\/wp\/v2\/media?parent=20833"}],"wp:term":[{"taxonomy":"category","embeddable":true,"href":"https:\/\/goladinha.eu\/blog\/wp-json\/wp\/v2\/categories?post=20833"},{"taxonomy":"post_tag","embeddable":true,"href":"https:\/\/goladinha.eu\/blog\/wp-json\/wp\/v2\/tags?post=20833"}],"curies":[{"name":"wp","href":"https:\/\/api.w.org\/{rel}","templated":true}]}}