{"id":20780,"date":"2022-01-11T21:33:38","date_gmt":"2022-01-11T21:33:38","guid":{"rendered":"https:\/\/goladinha.eu\/blog\/?p=20780"},"modified":"2022-01-11T21:33:38","modified_gmt":"2022-01-11T21:33:38","slug":"rose-mitten-im-januar","status":"publish","type":"post","link":"https:\/\/goladinha.eu\/blog\/2022\/01\/11\/rose-mitten-im-januar\/","title":{"rendered":"Rose &#8211; mitten im Januar"},"content":{"rendered":"<p>Terca 11. Janeiro de Janeiro 2022 \u2013 <strong>nachts<\/strong> \u2193\u21931\u00b0\u00a0 \u2014 <strong>tags<\/strong> \u2191\u219315\u00b0 \u2013 <span style=\"color: #ff6600;\">Sonne<\/span><\/p>\n<p>In diesem Winter hatten wir doch schon etliche Nachfr\u00f6ste &#8211; daher waren wir erstaunt als wir eine bl\u00fchende Rose vor unserem Haus wahrgenommen haben &#8211; mitten im Januar. \u00c4hnlich unbeeindruckt von dieser Jahreszeit ist die Calendula, die Sommer wie Winter ihren Bl\u00fctenzauber verspr\u00fcht.<\/p>\n<div id=\"attachment_20782\" style=\"width: 510px\" class=\"wp-caption alignnone\"><a href=\"https:\/\/goladinha.eu\/blog\/wp-content\/files\/2022\/01\/rose_januar_110122.jpg\" target=\"_blank\" rel=\"noopener\"><img loading=\"lazy\" decoding=\"async\" aria-describedby=\"caption-attachment-20782\" class=\"wp-image-20782 size-medium\" src=\"https:\/\/goladinha.eu\/blog\/wp-content\/files\/2022\/01\/rose_januar_110122-500x326.jpg\" alt=\"Rose im Januar, Frost, Goladinha, Portugal\" width=\"500\" height=\"326\" srcset=\"https:\/\/goladinha.eu\/blog\/wp-content\/files\/2022\/01\/rose_januar_110122-500x326.jpg 500w, https:\/\/goladinha.eu\/blog\/wp-content\/files\/2022\/01\/rose_januar_110122-768x501.jpg 768w, https:\/\/goladinha.eu\/blog\/wp-content\/files\/2022\/01\/rose_januar_110122-1536x1002.jpg 1536w, https:\/\/goladinha.eu\/blog\/wp-content\/files\/2022\/01\/rose_januar_110122.jpg 1920w\" sizes=\"auto, (max-width: 500px) 100vw, 500px\" \/><\/a><p id=\"caption-attachment-20782\" class=\"wp-caption-text\">Eine einzelne Rosenbl\u00fcte aus einem jungen Stock den eine Freundin von uns im Fr\u00fchsommer 2020 gepflanzt hat.<\/p><\/div>\n","protected":false},"excerpt":{"rendered":"<p>Terca 11. Janeiro de Janeiro 2022 \u2013 nachts \u2193\u21931\u00b0\u00a0 \u2014 tags \u2191\u219315\u00b0 \u2013 Sonne In diesem Winter hatten wir doch schon etliche Nachfr\u00f6ste &#8211; daher waren wir erstaunt als wir eine bl\u00fchende Rose vor unserem Haus wahrgenommen haben &#8211; mitten im Januar. \u00c4hnlich unbeeindruckt von dieser Jahreszeit ist die Calendula, die Sommer wie Winter ihren [&hellip;]<\/p>\n","protected":false},"author":1,"featured_media":0,"comment_status":"open","ping_status":"closed","sticky":false,"template":"","format":"standard","meta":{"footnotes":""},"categories":[10],"tags":[],"class_list":["post-20780","post","type-post","status-publish","format-standard","hentry","category-allgemein"],"_links":{"self":[{"href":"https:\/\/goladinha.eu\/blog\/wp-json\/wp\/v2\/posts\/20780","targetHints":{"allow":["GET"]}}],"collection":[{"href":"https:\/\/goladinha.eu\/blog\/wp-json\/wp\/v2\/posts"}],"about":[{"href":"https:\/\/goladinha.eu\/blog\/wp-json\/wp\/v2\/types\/post"}],"author":[{"embeddable":true,"href":"https:\/\/goladinha.eu\/blog\/wp-json\/wp\/v2\/users\/1"}],"replies":[{"embeddable":true,"href":"https:\/\/goladinha.eu\/blog\/wp-json\/wp\/v2\/comments?post=20780"}],"version-history":[{"count":3,"href":"https:\/\/goladinha.eu\/blog\/wp-json\/wp\/v2\/posts\/20780\/revisions"}],"predecessor-version":[{"id":20784,"href":"https:\/\/goladinha.eu\/blog\/wp-json\/wp\/v2\/posts\/20780\/revisions\/20784"}],"wp:attachment":[{"href":"https:\/\/goladinha.eu\/blog\/wp-json\/wp\/v2\/media?parent=20780"}],"wp:term":[{"taxonomy":"category","embeddable":true,"href":"https:\/\/goladinha.eu\/blog\/wp-json\/wp\/v2\/categories?post=20780"},{"taxonomy":"post_tag","embeddable":true,"href":"https:\/\/goladinha.eu\/blog\/wp-json\/wp\/v2\/tags?post=20780"}],"curies":[{"name":"wp","href":"https:\/\/api.w.org\/{rel}","templated":true}]}}