{"id":20776,"date":"2022-01-10T18:42:46","date_gmt":"2022-01-10T18:42:46","guid":{"rendered":"https:\/\/goladinha.eu\/blog\/?p=20776"},"modified":"2022-01-10T18:42:46","modified_gmt":"2022-01-10T18:42:46","slug":"in-pfeilrichtung","status":"publish","type":"post","link":"https:\/\/goladinha.eu\/blog\/2022\/01\/10\/in-pfeilrichtung\/","title":{"rendered":"in Pfeilrichtung"},"content":{"rendered":"<p>Segunda 10. Janeiro de Janeiro 2022 \u2013 <strong>nachts<\/strong> \u2191\u21918\u00b0 &#8211;<span style=\"color: #0000ff;\"> 5 Liter Regen<\/span>\u00a0 \u2014 <strong>tags<\/strong> \u219115\u00b0 \u2013 <span style=\"color: #ff6600;\">Sonne<\/span>, <span style=\"color: #808080;\">gelegentliche Bew\u00f6lkung<\/span><\/p>\n<p>Auf der alten Ortsverbindungstrasse von Graca nach Figueiro dos Vinhos sticht dem Wanderer in einer starken Linkskurve eine alte Korkeiche ins Auge. Sie wurde im Jahr 2021 das letzte mal gesch\u00e4lt, wie auf dem Stamm in weisser Farbe markiert wurde. Zudem ist auff\u00e4llig, dass sich der linke Seitenast bem\u00fcht nach links neigt &#8211; so als w\u00fcrde er dem Verkehrszeichen &#8222;Gef\u00e4hrliche Kurve&#8220; folgen wollen.<\/p>\n<div id=\"attachment_20777\" style=\"width: 510px\" class=\"wp-caption alignnone\"><a href=\"https:\/\/goladinha.eu\/blog\/wp-content\/files\/2022\/01\/korkeiche_geschaelt_100122.jpg\" target=\"_blank\" rel=\"noopener\"><img loading=\"lazy\" decoding=\"async\" aria-describedby=\"caption-attachment-20777\" class=\"wp-image-20777 size-medium\" src=\"https:\/\/goladinha.eu\/blog\/wp-content\/files\/2022\/01\/korkeiche_geschaelt_100122-500x375.jpg\" alt=\"Korkeiche gesch\u00e4lt, krumm gewachsen, N\u00e4he Figueiro dos Vinhos, Goladinha, Portugal\" width=\"500\" height=\"375\" srcset=\"https:\/\/goladinha.eu\/blog\/wp-content\/files\/2022\/01\/korkeiche_geschaelt_100122-500x375.jpg 500w, https:\/\/goladinha.eu\/blog\/wp-content\/files\/2022\/01\/korkeiche_geschaelt_100122-1760x1320.jpg 1760w, https:\/\/goladinha.eu\/blog\/wp-content\/files\/2022\/01\/korkeiche_geschaelt_100122-768x576.jpg 768w, https:\/\/goladinha.eu\/blog\/wp-content\/files\/2022\/01\/korkeiche_geschaelt_100122-1536x1152.jpg 1536w, https:\/\/goladinha.eu\/blog\/wp-content\/files\/2022\/01\/korkeiche_geschaelt_100122.jpg 1920w\" sizes=\"auto, (max-width: 500px) 100vw, 500px\" \/><\/a><p id=\"caption-attachment-20777\" class=\"wp-caption-text\">Korkeichen sind in Portugal gesch\u00fctzte B\u00e4ume &#8211; sie d\u00fcrfen nicht gef\u00e4llt werden.<\/p><\/div>\n<p>&nbsp;<\/p>\n","protected":false},"excerpt":{"rendered":"<p>Segunda 10. Janeiro de Janeiro 2022 \u2013 nachts \u2191\u21918\u00b0 &#8211; 5 Liter Regen\u00a0 \u2014 tags \u219115\u00b0 \u2013 Sonne, gelegentliche Bew\u00f6lkung Auf der alten Ortsverbindungstrasse von Graca nach Figueiro dos Vinhos sticht dem Wanderer in einer starken Linkskurve eine alte Korkeiche ins Auge. Sie wurde im Jahr 2021 das letzte mal gesch\u00e4lt, wie auf dem Stamm [&hellip;]<\/p>\n","protected":false},"author":1,"featured_media":0,"comment_status":"open","ping_status":"closed","sticky":false,"template":"","format":"standard","meta":{"footnotes":""},"categories":[10],"tags":[],"class_list":["post-20776","post","type-post","status-publish","format-standard","hentry","category-allgemein"],"_links":{"self":[{"href":"https:\/\/goladinha.eu\/blog\/wp-json\/wp\/v2\/posts\/20776","targetHints":{"allow":["GET"]}}],"collection":[{"href":"https:\/\/goladinha.eu\/blog\/wp-json\/wp\/v2\/posts"}],"about":[{"href":"https:\/\/goladinha.eu\/blog\/wp-json\/wp\/v2\/types\/post"}],"author":[{"embeddable":true,"href":"https:\/\/goladinha.eu\/blog\/wp-json\/wp\/v2\/users\/1"}],"replies":[{"embeddable":true,"href":"https:\/\/goladinha.eu\/blog\/wp-json\/wp\/v2\/comments?post=20776"}],"version-history":[{"count":2,"href":"https:\/\/goladinha.eu\/blog\/wp-json\/wp\/v2\/posts\/20776\/revisions"}],"predecessor-version":[{"id":20779,"href":"https:\/\/goladinha.eu\/blog\/wp-json\/wp\/v2\/posts\/20776\/revisions\/20779"}],"wp:attachment":[{"href":"https:\/\/goladinha.eu\/blog\/wp-json\/wp\/v2\/media?parent=20776"}],"wp:term":[{"taxonomy":"category","embeddable":true,"href":"https:\/\/goladinha.eu\/blog\/wp-json\/wp\/v2\/categories?post=20776"},{"taxonomy":"post_tag","embeddable":true,"href":"https:\/\/goladinha.eu\/blog\/wp-json\/wp\/v2\/tags?post=20776"}],"curies":[{"name":"wp","href":"https:\/\/api.w.org\/{rel}","templated":true}]}}