{"id":20729,"date":"2022-01-04T18:47:59","date_gmt":"2022-01-04T18:47:59","guid":{"rendered":"https:\/\/goladinha.eu\/blog\/?p=20729"},"modified":"2022-01-04T18:49:27","modified_gmt":"2022-01-04T18:49:27","slug":"regen-7","status":"publish","type":"post","link":"https:\/\/goladinha.eu\/blog\/2022\/01\/04\/regen-7\/","title":{"rendered":"Regen"},"content":{"rendered":"<p>Terca 04. Janeiro de Janeiro 2022 \u2013 <strong>nachts<\/strong> \u2191\u21919 \u2013 <strong>tags<\/strong> \u2193\u219311 \u2013 <strong>Bew\u00f6lkung<\/strong>, <span style=\"color: #0000ff;\">17 Liter<\/span> <span style=\"color: #0000ff;\">Regen <span style=\"color: #ff6600;\">am Nachmittag auch Sonne<\/span><br \/>\n<\/span><\/p>\n<p>8 Liter pro Quadratmeter Regen waren vorangek\u00fcndigt &#8211; 17 Liter sind es geworden. Am sp\u00e4ten Nachmittag gab es dann trotzdem noch drei Stunden Sonne. Morgen soll es auch noch regnen, dann wird es k\u00e4lter aber daf\u00fcr wieder sonniger.<\/p>\n<div id=\"attachment_20731\" style=\"width: 510px\" class=\"wp-caption alignnone\"><a href=\"https:\/\/goladinha.eu\/blog\/wp-content\/files\/2022\/01\/regentropfen_040122.jpg\" target=\"_blank\" rel=\"noopener\"><img loading=\"lazy\" decoding=\"async\" aria-describedby=\"caption-attachment-20731\" class=\"wp-image-20731 size-medium\" src=\"https:\/\/goladinha.eu\/blog\/wp-content\/files\/2022\/01\/regentropfen_040122-500x625.jpg\" alt=\"Regentage, regentropfen, goladinha, portugal\" width=\"500\" height=\"625\" srcset=\"https:\/\/goladinha.eu\/blog\/wp-content\/files\/2022\/01\/regentropfen_040122-500x625.jpg 500w, https:\/\/goladinha.eu\/blog\/wp-content\/files\/2022\/01\/regentropfen_040122-1056x1320.jpg 1056w, https:\/\/goladinha.eu\/blog\/wp-content\/files\/2022\/01\/regentropfen_040122-768x960.jpg 768w, https:\/\/goladinha.eu\/blog\/wp-content\/files\/2022\/01\/regentropfen_040122.jpg 1150w\" sizes=\"auto, (max-width: 500px) 100vw, 500px\" \/><\/a><p id=\"caption-attachment-20731\" class=\"wp-caption-text\">Wir freuen uns \u00fcber Regen, denn wenn wir uns nicht freuen t\u00e4ten w\u00fcrde es auch regnen. So, oder so \u00e4hnlich hat das Karl Valentin ein mal gesagt &#8211; der bayerische Komiker und Philosoph,<\/p><\/div>\n","protected":false},"excerpt":{"rendered":"<p>Terca 04. Janeiro de Janeiro 2022 \u2013 nachts \u2191\u21919 \u2013 tags \u2193\u219311 \u2013 Bew\u00f6lkung, 17 Liter Regen am Nachmittag auch Sonne 8 Liter pro Quadratmeter Regen waren vorangek\u00fcndigt &#8211; 17 Liter sind es geworden. Am sp\u00e4ten Nachmittag gab es dann trotzdem noch drei Stunden Sonne. Morgen soll es auch noch regnen, dann wird es k\u00e4lter [&hellip;]<\/p>\n","protected":false},"author":1,"featured_media":0,"comment_status":"open","ping_status":"closed","sticky":false,"template":"","format":"standard","meta":{"footnotes":""},"categories":[10],"tags":[],"class_list":["post-20729","post","type-post","status-publish","format-standard","hentry","category-allgemein"],"_links":{"self":[{"href":"https:\/\/goladinha.eu\/blog\/wp-json\/wp\/v2\/posts\/20729","targetHints":{"allow":["GET"]}}],"collection":[{"href":"https:\/\/goladinha.eu\/blog\/wp-json\/wp\/v2\/posts"}],"about":[{"href":"https:\/\/goladinha.eu\/blog\/wp-json\/wp\/v2\/types\/post"}],"author":[{"embeddable":true,"href":"https:\/\/goladinha.eu\/blog\/wp-json\/wp\/v2\/users\/1"}],"replies":[{"embeddable":true,"href":"https:\/\/goladinha.eu\/blog\/wp-json\/wp\/v2\/comments?post=20729"}],"version-history":[{"count":4,"href":"https:\/\/goladinha.eu\/blog\/wp-json\/wp\/v2\/posts\/20729\/revisions"}],"predecessor-version":[{"id":20734,"href":"https:\/\/goladinha.eu\/blog\/wp-json\/wp\/v2\/posts\/20729\/revisions\/20734"}],"wp:attachment":[{"href":"https:\/\/goladinha.eu\/blog\/wp-json\/wp\/v2\/media?parent=20729"}],"wp:term":[{"taxonomy":"category","embeddable":true,"href":"https:\/\/goladinha.eu\/blog\/wp-json\/wp\/v2\/categories?post=20729"},{"taxonomy":"post_tag","embeddable":true,"href":"https:\/\/goladinha.eu\/blog\/wp-json\/wp\/v2\/tags?post=20729"}],"curies":[{"name":"wp","href":"https:\/\/api.w.org\/{rel}","templated":true}]}}