{"id":20534,"date":"2021-12-13T18:18:32","date_gmt":"2021-12-13T18:18:32","guid":{"rendered":"https:\/\/goladinha.eu\/blog\/?p=20534"},"modified":"2021-12-13T18:32:14","modified_gmt":"2021-12-13T18:32:14","slug":"bruessel-draengt-eu-staaten-zur-pflichtimpfung","status":"publish","type":"post","link":"https:\/\/goladinha.eu\/blog\/2021\/12\/13\/bruessel-draengt-eu-staaten-zur-pflichtimpfung\/","title":{"rendered":"&#8222;Br\u00fcssel&#8220; dr\u00e4ngt EU-Staaten zur &#8222;Corona&#8220;-Impfpflicht"},"content":{"rendered":"<p>Segunda 13 de Decembro 2021 \u2013 <strong>nachts<\/strong> \u21932 \u2014 <strong>tags<\/strong> 16 \u2013\u00a0 <strong><span style=\"color: #ff6600;\">Sonne<\/span><\/strong><\/p>\n<p>Portugal: Premierminister <strong>Costa lehnt Pflichtimpfung f\u00fcr Portugal ab<\/strong>.<\/p>\n<p>Der Premierminister lehnt die Einf\u00fchrung einer Impfpflicht in Portugal, wie sie in einigen L\u00e4ndern der Europ\u00e4ischen Union praktiziert wird, ab und erkl\u00e4rt, dass es &#8222;keinen Sinn macht, einen europ\u00e4ischen Beschluss&#8220; zu fassen, der sich auf Portugal erstreckt, wenn man den Impfgrad der Bev\u00f6lkerung (88 %) ber\u00fccksichtigt, und vertritt die Auffassung, dass die L\u00e4nder diese interne Debatte selbst f\u00fchren sollten. <strong>Ant\u00f3nio Costa demonstrierte damit seinen Widerstand gegen eine solche Aufforderung aus Br\u00fcssel.<\/strong><\/p>\n<p>\u00dcbersetzt mit www.DeepL.com\/Translator (kostenlose Version)<\/p>\n<p>Quelle: <a href=\"https:\/\/www.publico.pt\/2021\/12\/09\/politica\/noticia\/costa-rejeita-vacinacao-obrigatoria-portugal-1988005\" target=\"_blank\" rel=\"noopener\">Costa rejeita vacina\u00e7\u00e3o obrigat\u00f3ria em Portugal<\/a><\/p>\n<div id=\"attachment_20542\" style=\"width: 510px\" class=\"wp-caption alignnone\"><a href=\"https:\/\/goladinha.eu\/blog\/wp-content\/files\/2021\/12\/antonio_costa_131221-1.jpg\" target=\"_blank\" rel=\"noopener\"><img loading=\"lazy\" decoding=\"async\" aria-describedby=\"caption-attachment-20542\" class=\"wp-image-20542 size-medium\" src=\"https:\/\/goladinha.eu\/blog\/wp-content\/files\/2021\/12\/antonio_costa_131221-1-500x333.jpg\" alt=\"Antonio Costa, gegen Pflichtimpfung in Portugal, Goladinha\" width=\"500\" height=\"333\" srcset=\"https:\/\/goladinha.eu\/blog\/wp-content\/files\/2021\/12\/antonio_costa_131221-1-500x333.jpg 500w, https:\/\/goladinha.eu\/blog\/wp-content\/files\/2021\/12\/antonio_costa_131221-1-1920x1280.jpg 1920w, https:\/\/goladinha.eu\/blog\/wp-content\/files\/2021\/12\/antonio_costa_131221-1-150x100.jpg 150w, https:\/\/goladinha.eu\/blog\/wp-content\/files\/2021\/12\/antonio_costa_131221-1-768x512.jpg 768w, https:\/\/goladinha.eu\/blog\/wp-content\/files\/2021\/12\/antonio_costa_131221-1-1536x1024.jpg 1536w, https:\/\/goladinha.eu\/blog\/wp-content\/files\/2021\/12\/antonio_costa_131221-1.jpg 2048w\" sizes=\"auto, (max-width: 500px) 100vw, 500px\" \/><\/a><p id=\"caption-attachment-20542\" class=\"wp-caption-text\"><a href=\"https:\/\/de.wikipedia.org\/wiki\/Ant%C3%B3nio_Costa_%28Politiker%29\" target=\"_blank\" rel=\"noopener\">Ant\u00f3nio Lu\u00eds Santos da Costa<\/a> ist ein portugiesischer Jurist und Politiker, der seit dem 26. November 2015 das Amt des Premierministers bekleidet. Er ist zudem gegenw\u00e4rtig Generalsekret\u00e4r der Sozialistischen Partei.<\/p><\/div>\n","protected":false},"excerpt":{"rendered":"<p>Segunda 13 de Decembro 2021 \u2013 nachts \u21932 \u2014 tags 16 \u2013\u00a0 Sonne Portugal: Premierminister Costa lehnt Pflichtimpfung f\u00fcr Portugal ab. Der Premierminister lehnt die Einf\u00fchrung einer Impfpflicht in Portugal, wie sie in einigen L\u00e4ndern der Europ\u00e4ischen Union praktiziert wird, ab und erkl\u00e4rt, dass es &#8222;keinen Sinn macht, einen europ\u00e4ischen Beschluss&#8220; zu fassen, der sich [&hellip;]<\/p>\n","protected":false},"author":1,"featured_media":0,"comment_status":"open","ping_status":"closed","sticky":false,"template":"","format":"standard","meta":{"footnotes":""},"categories":[10],"tags":[],"class_list":["post-20534","post","type-post","status-publish","format-standard","hentry","category-allgemein"],"_links":{"self":[{"href":"https:\/\/goladinha.eu\/blog\/wp-json\/wp\/v2\/posts\/20534","targetHints":{"allow":["GET"]}}],"collection":[{"href":"https:\/\/goladinha.eu\/blog\/wp-json\/wp\/v2\/posts"}],"about":[{"href":"https:\/\/goladinha.eu\/blog\/wp-json\/wp\/v2\/types\/post"}],"author":[{"embeddable":true,"href":"https:\/\/goladinha.eu\/blog\/wp-json\/wp\/v2\/users\/1"}],"replies":[{"embeddable":true,"href":"https:\/\/goladinha.eu\/blog\/wp-json\/wp\/v2\/comments?post=20534"}],"version-history":[{"count":13,"href":"https:\/\/goladinha.eu\/blog\/wp-json\/wp\/v2\/posts\/20534\/revisions"}],"predecessor-version":[{"id":20549,"href":"https:\/\/goladinha.eu\/blog\/wp-json\/wp\/v2\/posts\/20534\/revisions\/20549"}],"wp:attachment":[{"href":"https:\/\/goladinha.eu\/blog\/wp-json\/wp\/v2\/media?parent=20534"}],"wp:term":[{"taxonomy":"category","embeddable":true,"href":"https:\/\/goladinha.eu\/blog\/wp-json\/wp\/v2\/categories?post=20534"},{"taxonomy":"post_tag","embeddable":true,"href":"https:\/\/goladinha.eu\/blog\/wp-json\/wp\/v2\/tags?post=20534"}],"curies":[{"name":"wp","href":"https:\/\/api.w.org\/{rel}","templated":true}]}}