{"id":20095,"date":"2021-10-24T18:39:12","date_gmt":"2021-10-24T17:39:12","guid":{"rendered":"https:\/\/goladinha.eu\/blog\/?p=20095"},"modified":"2021-10-24T18:39:12","modified_gmt":"2021-10-24T17:39:12","slug":"nicht-die-letzten","status":"publish","type":"post","link":"https:\/\/goladinha.eu\/blog\/2021\/10\/24\/nicht-die-letzten\/","title":{"rendered":"&#8230;nicht die letzten&#8230;"},"content":{"rendered":"<p>Domingo 24 de Outubro 2021 \u2013 nachts \u2193\u21914 \u2014 tags \u2191\u219321 \u2013 <span style=\"color: #ff6600;\">Sonne<\/span><\/p>\n<p><a href=\"https:\/\/goladinha.eu\/blog\/2021\/09\/24\/der-freitag-eintrag\/\" target=\"_blank\" rel=\"noopener\">Vor genau einem Monat berichteten wir \u00fcber die letzten Brombeeren die reif werden wollen<\/a>. Nun schickt sich eine weitere Generation von Fr\u00fcchten dieses Strauches an die es noch mal wissen will.<\/p>\n<div id=\"attachment_20099\" style=\"width: 510px\" class=\"wp-caption alignnone\"><a href=\"https:\/\/goladinha.eu\/blog\/wp-content\/files\/2021\/10\/herbst_brombeer_241021.jpg\" target=\"_blank\" rel=\"noopener\"><img loading=\"lazy\" decoding=\"async\" aria-describedby=\"caption-attachment-20099\" class=\"wp-image-20099 size-medium\" src=\"https:\/\/goladinha.eu\/blog\/wp-content\/files\/2021\/10\/herbst_brombeer_241021-500x339.jpg\" alt=\"Brombeeren wollen Ende Oktober noch reif werden, Goladinha, Portugal\" width=\"500\" height=\"339\" srcset=\"https:\/\/goladinha.eu\/blog\/wp-content\/files\/2021\/10\/herbst_brombeer_241021-500x339.jpg 500w, https:\/\/goladinha.eu\/blog\/wp-content\/files\/2021\/10\/herbst_brombeer_241021-768x521.jpg 768w, https:\/\/goladinha.eu\/blog\/wp-content\/files\/2021\/10\/herbst_brombeer_241021-1536x1042.jpg 1536w, https:\/\/goladinha.eu\/blog\/wp-content\/files\/2021\/10\/herbst_brombeer_241021.jpg 1920w\" sizes=\"auto, (max-width: 500px) 100vw, 500px\" \/><\/a><p id=\"caption-attachment-20099\" class=\"wp-caption-text\">Ob die W\u00e4rme und die immer k\u00fcrzer werdenden Tage wohl ausreichen damit sie es noch schaffen in unser M\u00fcsli zu gelangen?<\/p><\/div>\n<p>&nbsp;<\/p>\n","protected":false},"excerpt":{"rendered":"<p>Domingo 24 de Outubro 2021 \u2013 nachts \u2193\u21914 \u2014 tags \u2191\u219321 \u2013 Sonne Vor genau einem Monat berichteten wir \u00fcber die letzten Brombeeren die reif werden wollen. Nun schickt sich eine weitere Generation von Fr\u00fcchten dieses Strauches an die es noch mal wissen will. &nbsp;<\/p>\n","protected":false},"author":1,"featured_media":0,"comment_status":"open","ping_status":"closed","sticky":false,"template":"","format":"standard","meta":{"footnotes":""},"categories":[10],"tags":[],"class_list":["post-20095","post","type-post","status-publish","format-standard","hentry","category-allgemein"],"_links":{"self":[{"href":"https:\/\/goladinha.eu\/blog\/wp-json\/wp\/v2\/posts\/20095","targetHints":{"allow":["GET"]}}],"collection":[{"href":"https:\/\/goladinha.eu\/blog\/wp-json\/wp\/v2\/posts"}],"about":[{"href":"https:\/\/goladinha.eu\/blog\/wp-json\/wp\/v2\/types\/post"}],"author":[{"embeddable":true,"href":"https:\/\/goladinha.eu\/blog\/wp-json\/wp\/v2\/users\/1"}],"replies":[{"embeddable":true,"href":"https:\/\/goladinha.eu\/blog\/wp-json\/wp\/v2\/comments?post=20095"}],"version-history":[{"count":3,"href":"https:\/\/goladinha.eu\/blog\/wp-json\/wp\/v2\/posts\/20095\/revisions"}],"predecessor-version":[{"id":20101,"href":"https:\/\/goladinha.eu\/blog\/wp-json\/wp\/v2\/posts\/20095\/revisions\/20101"}],"wp:attachment":[{"href":"https:\/\/goladinha.eu\/blog\/wp-json\/wp\/v2\/media?parent=20095"}],"wp:term":[{"taxonomy":"category","embeddable":true,"href":"https:\/\/goladinha.eu\/blog\/wp-json\/wp\/v2\/categories?post=20095"},{"taxonomy":"post_tag","embeddable":true,"href":"https:\/\/goladinha.eu\/blog\/wp-json\/wp\/v2\/tags?post=20095"}],"curies":[{"name":"wp","href":"https:\/\/api.w.org\/{rel}","templated":true}]}}