{"id":20052,"date":"2021-10-18T19:57:47","date_gmt":"2021-10-18T18:57:47","guid":{"rendered":"https:\/\/goladinha.eu\/blog\/?p=20052"},"modified":"2021-10-18T19:57:47","modified_gmt":"2021-10-18T18:57:47","slug":"wintergarten","status":"publish","type":"post","link":"https:\/\/goladinha.eu\/blog\/2021\/10\/18\/wintergarten\/","title":{"rendered":"Wintergarten"},"content":{"rendered":"<p>Segunda 18 de Outubro 2021 \u2013 nachts \u219311\u00a0 \u2014 tags \u2191\u219124 \u2013 <span style=\"color: #ff6600;\">Sonne<\/span> und <span style=\"color: #808080;\">Bew\u00f6lkung<\/span><\/p>\n<p>Unser Gem\u00fcsegarten wurde im Sp\u00e4tsommer und beginnenden Herbst etwas vernach\u00e4ssigt. Die Initiative zur Wiederbelebung geht von unserer Freundin aus. Auf dem Wochenmarkt in Pedrogao Grande werden noch viele Gem\u00fcsepfl\u00e4nzchen angeboten. Im Prinzig all diejenigen, die hierzulande auch im Winter noch gedeihen &#8211; als da w\u00e4ren:\u00a0 Salat, Pfl\u00fccksalat, verschiedene portugiesische Krautsorten, Radieschen, Rucola, Senf, Mangold&#8230;<\/p>\n<div id=\"attachment_20054\" style=\"width: 510px\" class=\"wp-caption alignnone\"><a href=\"https:\/\/goladinha.eu\/blog\/wp-content\/files\/2021\/10\/herbst_garten_181021.jpg\" target=\"_blank\" rel=\"noopener\"><img loading=\"lazy\" decoding=\"async\" aria-describedby=\"caption-attachment-20054\" class=\"wp-image-20054 size-medium\" src=\"https:\/\/goladinha.eu\/blog\/wp-content\/files\/2021\/10\/herbst_garten_181021-500x501.jpg\" alt=\"Garten, Herbst, Salat, Kohl, Goladinha, Portugal\" width=\"500\" height=\"501\" srcset=\"https:\/\/goladinha.eu\/blog\/wp-content\/files\/2021\/10\/herbst_garten_181021-500x501.jpg 500w, https:\/\/goladinha.eu\/blog\/wp-content\/files\/2021\/10\/herbst_garten_181021-1318x1320.jpg 1318w, https:\/\/goladinha.eu\/blog\/wp-content\/files\/2021\/10\/herbst_garten_181021-768x769.jpg 768w, https:\/\/goladinha.eu\/blog\/wp-content\/files\/2021\/10\/herbst_garten_181021-1534x1536.jpg 1534w, https:\/\/goladinha.eu\/blog\/wp-content\/files\/2021\/10\/herbst_garten_181021.jpg 1920w\" sizes=\"auto, (max-width: 500px) 100vw, 500px\" \/><\/a><p id=\"caption-attachment-20054\" class=\"wp-caption-text\">Der Anfang ist gemacht und es geht weiter.<\/p><\/div>\n","protected":false},"excerpt":{"rendered":"<p>Segunda 18 de Outubro 2021 \u2013 nachts \u219311\u00a0 \u2014 tags \u2191\u219124 \u2013 Sonne und Bew\u00f6lkung Unser Gem\u00fcsegarten wurde im Sp\u00e4tsommer und beginnenden Herbst etwas vernach\u00e4ssigt. Die Initiative zur Wiederbelebung geht von unserer Freundin aus. Auf dem Wochenmarkt in Pedrogao Grande werden noch viele Gem\u00fcsepfl\u00e4nzchen angeboten. Im Prinzig all diejenigen, die hierzulande auch im Winter noch [&hellip;]<\/p>\n","protected":false},"author":1,"featured_media":0,"comment_status":"open","ping_status":"closed","sticky":false,"template":"","format":"standard","meta":{"footnotes":""},"categories":[10],"tags":[],"class_list":["post-20052","post","type-post","status-publish","format-standard","hentry","category-allgemein"],"_links":{"self":[{"href":"https:\/\/goladinha.eu\/blog\/wp-json\/wp\/v2\/posts\/20052","targetHints":{"allow":["GET"]}}],"collection":[{"href":"https:\/\/goladinha.eu\/blog\/wp-json\/wp\/v2\/posts"}],"about":[{"href":"https:\/\/goladinha.eu\/blog\/wp-json\/wp\/v2\/types\/post"}],"author":[{"embeddable":true,"href":"https:\/\/goladinha.eu\/blog\/wp-json\/wp\/v2\/users\/1"}],"replies":[{"embeddable":true,"href":"https:\/\/goladinha.eu\/blog\/wp-json\/wp\/v2\/comments?post=20052"}],"version-history":[{"count":3,"href":"https:\/\/goladinha.eu\/blog\/wp-json\/wp\/v2\/posts\/20052\/revisions"}],"predecessor-version":[{"id":20056,"href":"https:\/\/goladinha.eu\/blog\/wp-json\/wp\/v2\/posts\/20052\/revisions\/20056"}],"wp:attachment":[{"href":"https:\/\/goladinha.eu\/blog\/wp-json\/wp\/v2\/media?parent=20052"}],"wp:term":[{"taxonomy":"category","embeddable":true,"href":"https:\/\/goladinha.eu\/blog\/wp-json\/wp\/v2\/categories?post=20052"},{"taxonomy":"post_tag","embeddable":true,"href":"https:\/\/goladinha.eu\/blog\/wp-json\/wp\/v2\/tags?post=20052"}],"curies":[{"name":"wp","href":"https:\/\/api.w.org\/{rel}","templated":true}]}}