{"id":19214,"date":"2021-07-02T22:10:39","date_gmt":"2021-07-02T21:10:39","guid":{"rendered":"http:\/\/goladinha.eu\/blog\/?p=19214"},"modified":"2021-07-02T22:10:39","modified_gmt":"2021-07-02T21:10:39","slug":"putztag","status":"publish","type":"post","link":"https:\/\/goladinha.eu\/blog\/2021\/07\/02\/putztag\/","title":{"rendered":"Putztag"},"content":{"rendered":"<p>Seixta 02 de Julho 2021 \u2013 <strong>nachts<\/strong> \u21918\u00ba \u2013 <strong>tags <\/strong>\u219127\u00ba \u2013\u00a0 <strong><span style=\"color: #ff6600;\">Sonne<\/span><\/strong><\/p>\n<p>Gestern begann mit einer telefonischen Spontanbuchung von G\u00e4sten aus Lissabon unsere G\u00e4stesaison. <a href=\"https:\/\/www.airbnb.de\/rooms\/16950259?check_in=2021-07-03&amp;check_out=2021-07-10&amp;translate_ugc=false&amp;federated_search_id=b36c8498-b65d-4aa5-8dcb-2d0cb019dac8&amp;source_impression_id=p3_1625260156_cCHg3tHk%2FFNrsxNa\" target=\"_blank\" rel=\"noopener\">Casa Ar<\/a> musste deshalb entsprechend fr\u00fchjahrsgeputzt werden um die heute ankommenden Urlauber geb\u00fchrend empfangen zu k\u00f6nnen. Die Wintermonate \u00fcber hatte unser Housekeeper, Fabio, in dem Appartement Quartier bezogen.<\/p>\n<div id=\"attachment_19215\" style=\"width: 510px\" class=\"wp-caption alignnone\"><a href=\"https:\/\/goladinha.eu\/blog\/wp-content\/files\/2021\/07\/casa_ar_putzen_020721.jpg\" target=\"_blank\" rel=\"noopener\"><img loading=\"lazy\" decoding=\"async\" aria-describedby=\"caption-attachment-19215\" class=\"wp-image-19215 size-medium\" src=\"https:\/\/goladinha.eu\/blog\/wp-content\/files\/2021\/07\/casa_ar_putzen_020721-500x375.jpg\" alt=\"Casa Ar, putzen, Spontanbuchung, G\u00e4ste, Saison, Goladinha\" width=\"500\" height=\"375\" srcset=\"https:\/\/goladinha.eu\/blog\/wp-content\/files\/2021\/07\/casa_ar_putzen_020721-500x375.jpg 500w, https:\/\/goladinha.eu\/blog\/wp-content\/files\/2021\/07\/casa_ar_putzen_020721-1760x1320.jpg 1760w, https:\/\/goladinha.eu\/blog\/wp-content\/files\/2021\/07\/casa_ar_putzen_020721-768x576.jpg 768w, https:\/\/goladinha.eu\/blog\/wp-content\/files\/2021\/07\/casa_ar_putzen_020721-1536x1152.jpg 1536w, https:\/\/goladinha.eu\/blog\/wp-content\/files\/2021\/07\/casa_ar_putzen_020721.jpg 1920w\" sizes=\"auto, (max-width: 500px) 100vw, 500px\" \/><\/a><p id=\"caption-attachment-19215\" class=\"wp-caption-text\">Es wurde umger\u00e4umt, gesaugt, geschruppt, geputzt, gewienert, gewaschen, gesp\u00fclt, poliert, bezogen, dekoriert, h\u00fcbsch gemacht usw.<\/p><\/div>\n","protected":false},"excerpt":{"rendered":"<p>Seixta 02 de Julho 2021 \u2013 nachts \u21918\u00ba \u2013 tags \u219127\u00ba \u2013\u00a0 Sonne Gestern begann mit einer telefonischen Spontanbuchung von G\u00e4sten aus Lissabon unsere G\u00e4stesaison. Casa Ar musste deshalb entsprechend fr\u00fchjahrsgeputzt werden um die heute ankommenden Urlauber geb\u00fchrend empfangen zu k\u00f6nnen. Die Wintermonate \u00fcber hatte unser Housekeeper, Fabio, in dem Appartement Quartier bezogen.<\/p>\n","protected":false},"author":1,"featured_media":0,"comment_status":"open","ping_status":"closed","sticky":false,"template":"","format":"standard","meta":{"footnotes":""},"categories":[10],"tags":[],"class_list":["post-19214","post","type-post","status-publish","format-standard","hentry","category-allgemein"],"_links":{"self":[{"href":"https:\/\/goladinha.eu\/blog\/wp-json\/wp\/v2\/posts\/19214","targetHints":{"allow":["GET"]}}],"collection":[{"href":"https:\/\/goladinha.eu\/blog\/wp-json\/wp\/v2\/posts"}],"about":[{"href":"https:\/\/goladinha.eu\/blog\/wp-json\/wp\/v2\/types\/post"}],"author":[{"embeddable":true,"href":"https:\/\/goladinha.eu\/blog\/wp-json\/wp\/v2\/users\/1"}],"replies":[{"embeddable":true,"href":"https:\/\/goladinha.eu\/blog\/wp-json\/wp\/v2\/comments?post=19214"}],"version-history":[{"count":3,"href":"https:\/\/goladinha.eu\/blog\/wp-json\/wp\/v2\/posts\/19214\/revisions"}],"predecessor-version":[{"id":19218,"href":"https:\/\/goladinha.eu\/blog\/wp-json\/wp\/v2\/posts\/19214\/revisions\/19218"}],"wp:attachment":[{"href":"https:\/\/goladinha.eu\/blog\/wp-json\/wp\/v2\/media?parent=19214"}],"wp:term":[{"taxonomy":"category","embeddable":true,"href":"https:\/\/goladinha.eu\/blog\/wp-json\/wp\/v2\/categories?post=19214"},{"taxonomy":"post_tag","embeddable":true,"href":"https:\/\/goladinha.eu\/blog\/wp-json\/wp\/v2\/tags?post=19214"}],"curies":[{"name":"wp","href":"https:\/\/api.w.org\/{rel}","templated":true}]}}