{"id":19169,"date":"2021-06-27T21:45:15","date_gmt":"2021-06-27T20:45:15","guid":{"rendered":"http:\/\/goladinha.eu\/blog\/?p=19169"},"modified":"2021-06-27T21:45:15","modified_gmt":"2021-06-27T20:45:15","slug":"hohes-niveau","status":"publish","type":"post","link":"https:\/\/goladinha.eu\/blog\/2021\/06\/27\/hohes-niveau\/","title":{"rendered":"hohes Niveau"},"content":{"rendered":"<p>Domingo 27 de Junho 2021 \u2013 <strong>nachts<\/strong> \u219112\u00ba \u2013 <strong>tags <\/strong>\u219320\u00ba \u2013\u00a0 <span style=\"color: #808080;\">Bew\u00f6lkung <\/span>und <span style=\"color: #ff6600;\">Sonne<\/p>\n<p><\/span>Wir dachten nicht nur die &#8222;Eisheiligen&#8220; w\u00e4ren l\u00e4ngst Geschichte, sondern auch die &#8222;Schafsk\u00e4lte&#8220; kein Thema mehr. Weit gefehlt&#8230; so ein Fr\u00fchjahr und so einen Sommeranfang haben wir bisher in unserer Wahlheimat noch nicht erlebt.<\/p>\n<div id=\"attachment_19171\" style=\"width: 510px\" class=\"wp-caption alignnone\"><a href=\"https:\/\/goladinha.eu\/blog\/wp-content\/files\/2021\/06\/wolken_270621.jpg\" target=\"_blank\" rel=\"noopener\"><img loading=\"lazy\" decoding=\"async\" aria-describedby=\"caption-attachment-19171\" class=\"wp-image-19171 size-medium\" src=\"https:\/\/goladinha.eu\/blog\/wp-content\/files\/2021\/06\/wolken_270621-500x375.jpg\" alt=\"Wolken, blauer Himmel, ungew\u00f6hnlich k\u00fchl f\u00fcr die Jahreszeit, Goladinha\" width=\"500\" height=\"375\" srcset=\"https:\/\/goladinha.eu\/blog\/wp-content\/files\/2021\/06\/wolken_270621-500x375.jpg 500w, https:\/\/goladinha.eu\/blog\/wp-content\/files\/2021\/06\/wolken_270621-1760x1320.jpg 1760w, https:\/\/goladinha.eu\/blog\/wp-content\/files\/2021\/06\/wolken_270621-768x576.jpg 768w, https:\/\/goladinha.eu\/blog\/wp-content\/files\/2021\/06\/wolken_270621-1536x1152.jpg 1536w, https:\/\/goladinha.eu\/blog\/wp-content\/files\/2021\/06\/wolken_270621.jpg 1820w\" sizes=\"auto, (max-width: 500px) 100vw, 500px\" \/><\/a><p id=\"caption-attachment-19171\" class=\"wp-caption-text\">Wenn der Himmel doch immer blau w\u00e4re &#8211; ein paar W\u00f6lkchen w\u00fcrden ihn kaum tr\u00fcben. Aber zu oft ist er nur grau und die Temperaturen eher herbstlich.<\/p><\/div>\n<p>&nbsp;<\/p>\n<div id=\"attachment_19173\" style=\"width: 510px\" class=\"wp-caption alignnone\"><a href=\"https:\/\/goladinha.eu\/blog\/wp-content\/files\/2021\/06\/wetter_fdv__270621.jpg\" target=\"_blank\" rel=\"noopener\"><img loading=\"lazy\" decoding=\"async\" aria-describedby=\"caption-attachment-19173\" class=\"wp-image-19173 size-medium\" src=\"https:\/\/goladinha.eu\/blog\/wp-content\/files\/2021\/06\/wetter_fdv__270621-500x231.jpg\" alt=\"Wetter, Goladinha, f\u00fcr die Jahreszeit ungew\u00f6hnlich kalt, \" width=\"500\" height=\"231\" srcset=\"https:\/\/goladinha.eu\/blog\/wp-content\/files\/2021\/06\/wetter_fdv__270621-500x231.jpg 500w, https:\/\/goladinha.eu\/blog\/wp-content\/files\/2021\/06\/wetter_fdv__270621-768x354.jpg 768w, https:\/\/goladinha.eu\/blog\/wp-content\/files\/2021\/06\/wetter_fdv__270621.jpg 991w\" sizes=\"auto, (max-width: 500px) 100vw, 500px\" \/><\/a><p id=\"caption-attachment-19173\" class=\"wp-caption-text\">Und die Aussichten sehen kaum besser aus. Das nennt man Jammern auf hohem Niveau \ud83d\ude09<\/p><\/div>\n","protected":false},"excerpt":{"rendered":"<p>Domingo 27 de Junho 2021 \u2013 nachts \u219112\u00ba \u2013 tags \u219320\u00ba \u2013\u00a0 Bew\u00f6lkung und Sonne Wir dachten nicht nur die &#8222;Eisheiligen&#8220; w\u00e4ren l\u00e4ngst Geschichte, sondern auch die &#8222;Schafsk\u00e4lte&#8220; kein Thema mehr. Weit gefehlt&#8230; so ein Fr\u00fchjahr und so einen Sommeranfang haben wir bisher in unserer Wahlheimat noch nicht erlebt. &nbsp;<\/p>\n","protected":false},"author":1,"featured_media":0,"comment_status":"open","ping_status":"closed","sticky":false,"template":"","format":"standard","meta":{"footnotes":""},"categories":[10],"tags":[],"class_list":["post-19169","post","type-post","status-publish","format-standard","hentry","category-allgemein"],"_links":{"self":[{"href":"https:\/\/goladinha.eu\/blog\/wp-json\/wp\/v2\/posts\/19169","targetHints":{"allow":["GET"]}}],"collection":[{"href":"https:\/\/goladinha.eu\/blog\/wp-json\/wp\/v2\/posts"}],"about":[{"href":"https:\/\/goladinha.eu\/blog\/wp-json\/wp\/v2\/types\/post"}],"author":[{"embeddable":true,"href":"https:\/\/goladinha.eu\/blog\/wp-json\/wp\/v2\/users\/1"}],"replies":[{"embeddable":true,"href":"https:\/\/goladinha.eu\/blog\/wp-json\/wp\/v2\/comments?post=19169"}],"version-history":[{"count":7,"href":"https:\/\/goladinha.eu\/blog\/wp-json\/wp\/v2\/posts\/19169\/revisions"}],"predecessor-version":[{"id":19179,"href":"https:\/\/goladinha.eu\/blog\/wp-json\/wp\/v2\/posts\/19169\/revisions\/19179"}],"wp:attachment":[{"href":"https:\/\/goladinha.eu\/blog\/wp-json\/wp\/v2\/media?parent=19169"}],"wp:term":[{"taxonomy":"category","embeddable":true,"href":"https:\/\/goladinha.eu\/blog\/wp-json\/wp\/v2\/categories?post=19169"},{"taxonomy":"post_tag","embeddable":true,"href":"https:\/\/goladinha.eu\/blog\/wp-json\/wp\/v2\/tags?post=19169"}],"curies":[{"name":"wp","href":"https:\/\/api.w.org\/{rel}","templated":true}]}}