{"id":18936,"date":"2021-06-03T21:21:16","date_gmt":"2021-06-03T20:21:16","guid":{"rendered":"http:\/\/goladinha.eu\/blog\/?p=18936"},"modified":"2021-06-04T09:08:06","modified_gmt":"2021-06-04T08:08:06","slug":"corpo-de-deus","status":"publish","type":"post","link":"https:\/\/goladinha.eu\/blog\/2021\/06\/03\/corpo-de-deus\/","title":{"rendered":"Corpo de Deus"},"content":{"rendered":"<p>Quinta 03 de Junho 2021 \u2013 nachts \u21938\u00ba \u2013 tags \u219319\u00ba \u2013\u00a0 <span style=\"color: #ff6600;\">Sonne<\/span> und <span style=\"color: #808080;\">Bew\u00f6lkung<\/span><\/p>\n<p>Ein &#8222;Gross&#8220;Einkauf war mal wieder f\u00e4llig. Eine Fahrt nach Coimbra wurde anberaumt &#8211; Bioladen, Baumarkt und einige andere Gesch\u00e4fte mehr.<br \/>\n&#8222;Besser wir fahren am Donnerstag &#8211; je n\u00e4her es dem Wochenende entgegen geht, desto mehr Menschen sind unterwegs&#8220;.<br \/>\nWeit gefehlt&#8230;es war die &#8222;H\u00f6lle&#8220; los. Es war, was wir nicht ahnten, Fronleichnam (Corpo de Deus). Die \u00fcblichen Feierlichkeiten rund um dieses hohe katholische Fest sind in den D\u00f6rfern und St\u00e4dten wegen der &#8222;Corona-Pandemie&#8220; ausgefallen. Shoppen gehen aber wieder vollumf\u00e4nglich erlaubt.<\/p>\n<div id=\"attachment_18937\" style=\"width: 510px\" class=\"wp-caption alignnone\"><a href=\"https:\/\/goladinha.eu\/blog\/wp-content\/files\/2021\/06\/coimbra_forum_030621.jpg\" target=\"_blank\" rel=\"noopener\"><img loading=\"lazy\" decoding=\"async\" aria-describedby=\"caption-attachment-18937\" class=\"wp-image-18937 size-medium\" src=\"https:\/\/goladinha.eu\/blog\/wp-content\/files\/2021\/06\/coimbra_forum_030621-500x281.jpg\" alt=\"Coimbra, Forum, Fronleichnam, keinen Parkplatz, Feiertag, Goladinha\" width=\"500\" height=\"281\" srcset=\"https:\/\/goladinha.eu\/blog\/wp-content\/files\/2021\/06\/coimbra_forum_030621-500x281.jpg 500w, https:\/\/goladinha.eu\/blog\/wp-content\/files\/2021\/06\/coimbra_forum_030621-768x432.jpg 768w, https:\/\/goladinha.eu\/blog\/wp-content\/files\/2021\/06\/coimbra_forum_030621-1536x864.jpg 1536w, https:\/\/goladinha.eu\/blog\/wp-content\/files\/2021\/06\/coimbra_forum_030621.jpg 1920w\" sizes=\"auto, (max-width: 500px) 100vw, 500px\" \/><\/a><p id=\"caption-attachment-18937\" class=\"wp-caption-text\">Das <a href=\"http:\/\/www.forum-coimbra.com\/stores?p_p_id=Stores_WAR_Storesportlet&amp;p_p_lifecycle=0&amp;p_p_state=normal&amp;p_p_mode=view&amp;p_p_col_id=column-1&amp;p_p_col_count=1&amp;_Stores_WAR_Storesportlet_jspPage=%2Fall-categories.jsp\" target=\"_blank\" rel=\"noopener\">Forum Coimbra, ein Einkaufszentrum,<\/a> war brechend voll. Wir mussten mehrmals den Parkplatz abfahren um einen Platz ergattern zu k\u00f6nnen &#8211; so etwas haben wir bisher noch nicht erlebt.<\/p><\/div>\n<p>Das Foto erweckt jetzt nicht unbedingt brechende F\u00fclle (die Menschen waren wohl gerade auf der Toilette oder im 3. Stock beim Essen \ud83d\ude09 ), aber es zeigt einen kleinen Ausschnitt der drei Etagen,\u00a0 des wohl beliebtesten Einkaufszentrums in Coimbra.<\/p>\n","protected":false},"excerpt":{"rendered":"<p>Quinta 03 de Junho 2021 \u2013 nachts \u21938\u00ba \u2013 tags \u219319\u00ba \u2013\u00a0 Sonne und Bew\u00f6lkung Ein &#8222;Gross&#8220;Einkauf war mal wieder f\u00e4llig. Eine Fahrt nach Coimbra wurde anberaumt &#8211; Bioladen, Baumarkt und einige andere Gesch\u00e4fte mehr. &#8222;Besser wir fahren am Donnerstag &#8211; je n\u00e4her es dem Wochenende entgegen geht, desto mehr Menschen sind unterwegs&#8220;. Weit gefehlt&#8230;es [&hellip;]<\/p>\n","protected":false},"author":1,"featured_media":0,"comment_status":"open","ping_status":"closed","sticky":false,"template":"","format":"standard","meta":{"footnotes":""},"categories":[10],"tags":[],"class_list":["post-18936","post","type-post","status-publish","format-standard","hentry","category-allgemein"],"_links":{"self":[{"href":"https:\/\/goladinha.eu\/blog\/wp-json\/wp\/v2\/posts\/18936","targetHints":{"allow":["GET"]}}],"collection":[{"href":"https:\/\/goladinha.eu\/blog\/wp-json\/wp\/v2\/posts"}],"about":[{"href":"https:\/\/goladinha.eu\/blog\/wp-json\/wp\/v2\/types\/post"}],"author":[{"embeddable":true,"href":"https:\/\/goladinha.eu\/blog\/wp-json\/wp\/v2\/users\/1"}],"replies":[{"embeddable":true,"href":"https:\/\/goladinha.eu\/blog\/wp-json\/wp\/v2\/comments?post=18936"}],"version-history":[{"count":6,"href":"https:\/\/goladinha.eu\/blog\/wp-json\/wp\/v2\/posts\/18936\/revisions"}],"predecessor-version":[{"id":18943,"href":"https:\/\/goladinha.eu\/blog\/wp-json\/wp\/v2\/posts\/18936\/revisions\/18943"}],"wp:attachment":[{"href":"https:\/\/goladinha.eu\/blog\/wp-json\/wp\/v2\/media?parent=18936"}],"wp:term":[{"taxonomy":"category","embeddable":true,"href":"https:\/\/goladinha.eu\/blog\/wp-json\/wp\/v2\/categories?post=18936"},{"taxonomy":"post_tag","embeddable":true,"href":"https:\/\/goladinha.eu\/blog\/wp-json\/wp\/v2\/tags?post=18936"}],"curies":[{"name":"wp","href":"https:\/\/api.w.org\/{rel}","templated":true}]}}