{"id":18713,"date":"2021-05-08T17:28:25","date_gmt":"2021-05-08T16:28:25","guid":{"rendered":"http:\/\/goladinha.eu\/blog\/?p=18713"},"modified":"2021-05-08T17:31:15","modified_gmt":"2021-05-08T16:31:15","slug":"bereitet","status":"publish","type":"post","link":"https:\/\/goladinha.eu\/blog\/2021\/05\/08\/bereitet\/","title":{"rendered":"doch wieder&#8230; Horta (Gem\u00fcsegarten)"},"content":{"rendered":"<p>Sabado 08. de Maio 2021 \u2013 nachts \u2191\u21938\u00ba \u2013 tags \u219122\u00ba \u2013 <span style=\"color: #ff6600;\">Sonne<\/span>, <span style=\"color: #808080;\">Bew\u00f6lkung<\/span><\/p>\n<p>Wir haben uns doch wieder f\u00fcr einen Gem\u00fcsegarten entschieden. Das eigene Gem\u00fcse schmeckt einfach besser.<br \/>\nDie Fl\u00e4che soll allerdings kleiner sein als im vergangenem Jahr und auch an einer anderen Stelle &#8211; eine Terrasse h\u00f6her, dort wo vor zwei Jahren schon ein Garten angelegt worden war.<\/p>\n<div id=\"attachment_18719\" style=\"width: 510px\" class=\"wp-caption alignnone\"><a href=\"https:\/\/goladinha.eu\/blog\/wp-content\/files\/2021\/05\/garten_anbau_1_080521.jpg\" target=\"_blank\" rel=\"noopener\"><img loading=\"lazy\" decoding=\"async\" aria-describedby=\"caption-attachment-18719\" class=\"wp-image-18719 size-medium\" src=\"https:\/\/goladinha.eu\/blog\/wp-content\/files\/2021\/05\/garten_anbau_1_080521-500x375.jpg\" alt=\"Garten, Anbau, gefr\u00e4st, Goladinha\" width=\"500\" height=\"375\" srcset=\"https:\/\/goladinha.eu\/blog\/wp-content\/files\/2021\/05\/garten_anbau_1_080521-500x375.jpg 500w, https:\/\/goladinha.eu\/blog\/wp-content\/files\/2021\/05\/garten_anbau_1_080521-1760x1320.jpg 1760w, https:\/\/goladinha.eu\/blog\/wp-content\/files\/2021\/05\/garten_anbau_1_080521-768x576.jpg 768w, https:\/\/goladinha.eu\/blog\/wp-content\/files\/2021\/05\/garten_anbau_1_080521-1536x1152.jpg 1536w, https:\/\/goladinha.eu\/blog\/wp-content\/files\/2021\/05\/garten_anbau_1_080521.jpg 1920w\" sizes=\"auto, (max-width: 500px) 100vw, 500px\" \/><\/a><p id=\"caption-attachment-18719\" class=\"wp-caption-text\">Vor dem Fr\u00e4sen&#8230;<\/p><\/div>\n<div id=\"attachment_18716\" style=\"width: 510px\" class=\"wp-caption alignnone\"><a href=\"https:\/\/goladinha.eu\/blog\/wp-content\/files\/2021\/05\/garten_anbau_2_080521.jpg\" target=\"_blank\" rel=\"noopener\"><img loading=\"lazy\" decoding=\"async\" aria-describedby=\"caption-attachment-18716\" class=\"wp-image-18716 size-medium\" src=\"https:\/\/goladinha.eu\/blog\/wp-content\/files\/2021\/05\/garten_anbau_2_080521-500x375.jpg\" alt=\"Garten, Anbau, gefr\u00e4st, Goladinha\" width=\"500\" height=\"375\" srcset=\"https:\/\/goladinha.eu\/blog\/wp-content\/files\/2021\/05\/garten_anbau_2_080521-500x375.jpg 500w, https:\/\/goladinha.eu\/blog\/wp-content\/files\/2021\/05\/garten_anbau_2_080521-1760x1320.jpg 1760w, https:\/\/goladinha.eu\/blog\/wp-content\/files\/2021\/05\/garten_anbau_2_080521-768x576.jpg 768w, https:\/\/goladinha.eu\/blog\/wp-content\/files\/2021\/05\/garten_anbau_2_080521-1536x1152.jpg 1536w, https:\/\/goladinha.eu\/blog\/wp-content\/files\/2021\/05\/garten_anbau_2_080521.jpg 1920w\" sizes=\"auto, (max-width: 500px) 100vw, 500px\" \/><\/a><p id=\"caption-attachment-18716\" class=\"wp-caption-text\">&#8230;und danach. Witzigerweise haben wir <a href=\"https:\/\/goladinha.eu\/blog\/2020\/05\/08\/horta-2\/\" target=\"_blank\" rel=\"noopener\">genau vor einem Jahr, am 08.05.2020 eine Terrasse tiefer gefr\u00e4st und unseren Garten begonnen.\u00a0<\/a><\/p><\/div>\n","protected":false},"excerpt":{"rendered":"<p>Sabado 08. de Maio 2021 \u2013 nachts \u2191\u21938\u00ba \u2013 tags \u219122\u00ba \u2013 Sonne, Bew\u00f6lkung Wir haben uns doch wieder f\u00fcr einen Gem\u00fcsegarten entschieden. Das eigene Gem\u00fcse schmeckt einfach besser. Die Fl\u00e4che soll allerdings kleiner sein als im vergangenem Jahr und auch an einer anderen Stelle &#8211; eine Terrasse h\u00f6her, dort wo vor zwei Jahren schon [&hellip;]<\/p>\n","protected":false},"author":1,"featured_media":0,"comment_status":"open","ping_status":"closed","sticky":false,"template":"","format":"standard","meta":{"footnotes":""},"categories":[10],"tags":[],"class_list":["post-18713","post","type-post","status-publish","format-standard","hentry","category-allgemein"],"_links":{"self":[{"href":"https:\/\/goladinha.eu\/blog\/wp-json\/wp\/v2\/posts\/18713","targetHints":{"allow":["GET"]}}],"collection":[{"href":"https:\/\/goladinha.eu\/blog\/wp-json\/wp\/v2\/posts"}],"about":[{"href":"https:\/\/goladinha.eu\/blog\/wp-json\/wp\/v2\/types\/post"}],"author":[{"embeddable":true,"href":"https:\/\/goladinha.eu\/blog\/wp-json\/wp\/v2\/users\/1"}],"replies":[{"embeddable":true,"href":"https:\/\/goladinha.eu\/blog\/wp-json\/wp\/v2\/comments?post=18713"}],"version-history":[{"count":7,"href":"https:\/\/goladinha.eu\/blog\/wp-json\/wp\/v2\/posts\/18713\/revisions"}],"predecessor-version":[{"id":18725,"href":"https:\/\/goladinha.eu\/blog\/wp-json\/wp\/v2\/posts\/18713\/revisions\/18725"}],"wp:attachment":[{"href":"https:\/\/goladinha.eu\/blog\/wp-json\/wp\/v2\/media?parent=18713"}],"wp:term":[{"taxonomy":"category","embeddable":true,"href":"https:\/\/goladinha.eu\/blog\/wp-json\/wp\/v2\/categories?post=18713"},{"taxonomy":"post_tag","embeddable":true,"href":"https:\/\/goladinha.eu\/blog\/wp-json\/wp\/v2\/tags?post=18713"}],"curies":[{"name":"wp","href":"https:\/\/api.w.org\/{rel}","templated":true}]}}