{"id":17524,"date":"2020-11-27T19:59:38","date_gmt":"2020-11-27T19:59:38","guid":{"rendered":"http:\/\/goladinha.eu\/blog\/?p=17524"},"modified":"2020-11-27T20:05:13","modified_gmt":"2020-11-27T20:05:13","slug":"fica-em-casa","status":"publish","type":"post","link":"https:\/\/goladinha.eu\/blog\/2020\/11\/27\/fica-em-casa\/","title":{"rendered":"Fica em Casa"},"content":{"rendered":"<p>Seixta 27. de Novembro 2020 \u2013nachts \u21934\u00ba\u00a0 \u2014\u00a0 tags\u219115\u00ba\u00a0 \u2013 <span style=\"color: #ff6600;\">viel mehr Sonne<\/span> <span style=\"color: #808080;\">als Bew\u00f6lkung<\/span><\/p>\n<p>Der Landkreis Figueiro dos Vinhos informiert: <strong>Fica em Casa &#8211; Bleib zu Hause<\/strong><br \/>\nZwischen dem 27. November 2020, 23 Uhr und 2. Dezember 2020, 5 Uhr sowie zwischen dem 4. Dezember 2020, 23 Uhr und 9. Dezember 2020 5 Uhr, darf der Landkreis (Concelho) des gew\u00f6hnlichen Wohnsitzes nicht verlassen werden. Ausnahmen sind berufsbedingte oder gesundheitliche Gr\u00fcnde.<\/p>\n<div id=\"attachment_17528\" style=\"width: 510px\" class=\"wp-caption alignnone\"><a href=\"https:\/\/goladinha.eu\/blog\/wp-content\/files\/2020\/11\/corona_tote_271120.jpg\" target=\"_blank\" rel=\"noopener noreferrer\"><img loading=\"lazy\" decoding=\"async\" aria-describedby=\"caption-attachment-17528\" class=\"wp-image-17528 size-medium\" src=\"https:\/\/goladinha.eu\/blog\/wp-content\/files\/2020\/11\/corona_tote_271120-500x280.jpg\" alt=\"Corona, Tote, Alterspyramide, Goladinha\" width=\"500\" height=\"280\" srcset=\"https:\/\/goladinha.eu\/blog\/wp-content\/files\/2020\/11\/corona_tote_271120-500x280.jpg 500w, https:\/\/goladinha.eu\/blog\/wp-content\/files\/2020\/11\/corona_tote_271120-768x431.jpg 768w, https:\/\/goladinha.eu\/blog\/wp-content\/files\/2020\/11\/corona_tote_271120.jpg 1020w\" sizes=\"auto, (max-width: 500px) 100vw, 500px\" \/><\/a><p id=\"caption-attachment-17528\" class=\"wp-caption-text\">Unterdessen l\u00e4sst das Statistische Bundesamt in Deutschland folgendes verlauten: Quelle, Tagesschau &#8211; <a href=\"https:\/\/www.tagesschau.de\/inland\/bundesamt-deutschland-sterbefaelle-101.html\" target=\"_blank\" rel=\"noopener noreferrer\">Zahl der Todesf\u00e4lle steigt leicht an<\/a><\/p><\/div>\n<p><span style=\"color: #000000;\"><strong>Ein Zusammenhang mit der Pandemie bestehe aber nur bedingt.<\/strong><br \/>\n&#8222;Die \u00fcberdurchschnittlich hohen Sterbefallzahlen im Oktober 2020 sind fast ausschlie\u00dflich auf eine Zunahme von Sterbef\u00e4llen in der Altersgruppe der ab 80-J\u00e4hrigen zur\u00fcckzuf\u00fchren&#8220;, erkl\u00e4rte das Bundesamt. Die Sterbefallzahlen bei unter 80-J\u00e4hrigen sind sogar zur\u00fcckgegangen. <strong>Bei \u00fcber 80-J\u00e4hrigen starben neun Prozent mehr<\/strong>, bei unter 80-J\u00e4hrigen vier Prozent weniger.<br \/>\n<strong>Ein Zusammenhang mit der Pandemie bestehe aber nur bedingt.<\/strong><br \/>\n<\/span><\/p>\n<p><span style=\"color: #000000;\"><strong>Die Zahl der Menschen \u00fcber 80 Jahre<\/strong> <strong>ist<\/strong> in Deutschland von 2015 bis 2019 <strong>um fast eine Million gewachsen.<\/strong> &#8222;Neben der steigenden Zahl der Covid-19-Todesf\u00e4lle k\u00f6nnen auch solche Verschiebungen in der Altersstruktur der Bev\u00f6lkerung zu \u00fcberdurchschnittlichen Sterbefallzahlen beitragen&#8220;, erkl\u00e4rten die Statistiker.<\/span><\/p>\n<p><span style=\"color: #000000;\">\u00a0<\/span><\/p>\n","protected":false},"excerpt":{"rendered":"<p>Seixta 27. de Novembro 2020 \u2013nachts \u21934\u00ba\u00a0 \u2014\u00a0 tags\u219115\u00ba\u00a0 \u2013 viel mehr Sonne als Bew\u00f6lkung Der Landkreis Figueiro dos Vinhos informiert: Fica em Casa &#8211; Bleib zu Hause Zwischen dem 27. November 2020, 23 Uhr und 2. Dezember 2020, 5 Uhr sowie zwischen dem 4. Dezember 2020, 23 Uhr und 9. Dezember 2020 5 Uhr, [&hellip;]<\/p>\n","protected":false},"author":1,"featured_media":0,"comment_status":"open","ping_status":"closed","sticky":false,"template":"","format":"standard","meta":{"footnotes":""},"categories":[10],"tags":[],"class_list":["post-17524","post","type-post","status-publish","format-standard","hentry","category-allgemein"],"_links":{"self":[{"href":"https:\/\/goladinha.eu\/blog\/wp-json\/wp\/v2\/posts\/17524","targetHints":{"allow":["GET"]}}],"collection":[{"href":"https:\/\/goladinha.eu\/blog\/wp-json\/wp\/v2\/posts"}],"about":[{"href":"https:\/\/goladinha.eu\/blog\/wp-json\/wp\/v2\/types\/post"}],"author":[{"embeddable":true,"href":"https:\/\/goladinha.eu\/blog\/wp-json\/wp\/v2\/users\/1"}],"replies":[{"embeddable":true,"href":"https:\/\/goladinha.eu\/blog\/wp-json\/wp\/v2\/comments?post=17524"}],"version-history":[{"count":10,"href":"https:\/\/goladinha.eu\/blog\/wp-json\/wp\/v2\/posts\/17524\/revisions"}],"predecessor-version":[{"id":17535,"href":"https:\/\/goladinha.eu\/blog\/wp-json\/wp\/v2\/posts\/17524\/revisions\/17535"}],"wp:attachment":[{"href":"https:\/\/goladinha.eu\/blog\/wp-json\/wp\/v2\/media?parent=17524"}],"wp:term":[{"taxonomy":"category","embeddable":true,"href":"https:\/\/goladinha.eu\/blog\/wp-json\/wp\/v2\/categories?post=17524"},{"taxonomy":"post_tag","embeddable":true,"href":"https:\/\/goladinha.eu\/blog\/wp-json\/wp\/v2\/tags?post=17524"}],"curies":[{"name":"wp","href":"https:\/\/api.w.org\/{rel}","templated":true}]}}