{"id":17482,"date":"2020-11-20T20:46:58","date_gmt":"2020-11-20T20:46:58","guid":{"rendered":"http:\/\/goladinha.eu\/blog\/?p=17482"},"modified":"2020-11-20T20:46:58","modified_gmt":"2020-11-20T20:46:58","slug":"wie-im-fruehjahr","status":"publish","type":"post","link":"https:\/\/goladinha.eu\/blog\/2020\/11\/20\/wie-im-fruehjahr\/","title":{"rendered":"wie im Fr\u00fchjahr"},"content":{"rendered":"<p>Seixta 20. de Novembro 2020 \u2013nachts \u21935\u00ba \u2013 tags<strong>\u2193<\/strong>20\u00ba \u2013 <span style=\"color: #ff6600;\">Sonne<\/span><\/p>\n<p>Es sei f\u00fcr die Jahreszeit zu warm, sagen die Leute. Schon fr\u00fch im November begann die Olivenernte. &#8222;Die Alten&#8220; erinnern sich noch daran, dass fr\u00fcher die Oliven im Januar oder gar erst im Februar geerntet wurden.<\/p>\n<div id=\"attachment_17483\" style=\"width: 510px\" class=\"wp-caption alignnone\"><a href=\"https:\/\/goladinha.eu\/blog\/wp-content\/files\/2020\/11\/ziegen_geglicht__201120.jpg\" target=\"_blank\" rel=\"noopener noreferrer\"><img loading=\"lazy\" decoding=\"async\" aria-describedby=\"caption-attachment-17483\" class=\"wp-image-17483 size-medium\" src=\"https:\/\/goladinha.eu\/blog\/wp-content\/files\/2020\/11\/ziegen_geglicht__201120-500x339.jpg\" alt=\"wie im Fr\u00fchjahr, Ziegen weiden im gr\u00fcnen Gras, Gegenlicht, Goladinha\" width=\"500\" height=\"339\" srcset=\"https:\/\/goladinha.eu\/blog\/wp-content\/files\/2020\/11\/ziegen_geglicht__201120-500x339.jpg 500w, https:\/\/goladinha.eu\/blog\/wp-content\/files\/2020\/11\/ziegen_geglicht__201120-768x521.jpg 768w, https:\/\/goladinha.eu\/blog\/wp-content\/files\/2020\/11\/ziegen_geglicht__201120-1536x1042.jpg 1536w, https:\/\/goladinha.eu\/blog\/wp-content\/files\/2020\/11\/ziegen_geglicht__201120.jpg 1920w\" sizes=\"auto, (max-width: 500px) 100vw, 500px\" \/><\/a><p id=\"caption-attachment-17483\" class=\"wp-caption-text\">Die Ziegen in der Nachbarortschaft Agria freuen sich \u00fcber das fr\u00fchlingshafte saftige Gr\u00fcn.<\/p><\/div>\n","protected":false},"excerpt":{"rendered":"<p>Seixta 20. de Novembro 2020 \u2013nachts \u21935\u00ba \u2013 tags\u219320\u00ba \u2013 Sonne Es sei f\u00fcr die Jahreszeit zu warm, sagen die Leute. Schon fr\u00fch im November begann die Olivenernte. &#8222;Die Alten&#8220; erinnern sich noch daran, dass fr\u00fcher die Oliven im Januar oder gar erst im Februar geerntet wurden.<\/p>\n","protected":false},"author":1,"featured_media":0,"comment_status":"open","ping_status":"closed","sticky":false,"template":"","format":"standard","meta":{"footnotes":""},"categories":[10],"tags":[],"class_list":["post-17482","post","type-post","status-publish","format-standard","hentry","category-allgemein"],"_links":{"self":[{"href":"https:\/\/goladinha.eu\/blog\/wp-json\/wp\/v2\/posts\/17482","targetHints":{"allow":["GET"]}}],"collection":[{"href":"https:\/\/goladinha.eu\/blog\/wp-json\/wp\/v2\/posts"}],"about":[{"href":"https:\/\/goladinha.eu\/blog\/wp-json\/wp\/v2\/types\/post"}],"author":[{"embeddable":true,"href":"https:\/\/goladinha.eu\/blog\/wp-json\/wp\/v2\/users\/1"}],"replies":[{"embeddable":true,"href":"https:\/\/goladinha.eu\/blog\/wp-json\/wp\/v2\/comments?post=17482"}],"version-history":[{"count":2,"href":"https:\/\/goladinha.eu\/blog\/wp-json\/wp\/v2\/posts\/17482\/revisions"}],"predecessor-version":[{"id":17485,"href":"https:\/\/goladinha.eu\/blog\/wp-json\/wp\/v2\/posts\/17482\/revisions\/17485"}],"wp:attachment":[{"href":"https:\/\/goladinha.eu\/blog\/wp-json\/wp\/v2\/media?parent=17482"}],"wp:term":[{"taxonomy":"category","embeddable":true,"href":"https:\/\/goladinha.eu\/blog\/wp-json\/wp\/v2\/categories?post=17482"},{"taxonomy":"post_tag","embeddable":true,"href":"https:\/\/goladinha.eu\/blog\/wp-json\/wp\/v2\/tags?post=17482"}],"curies":[{"name":"wp","href":"https:\/\/api.w.org\/{rel}","templated":true}]}}