{"id":17463,"date":"2020-11-18T21:51:33","date_gmt":"2020-11-18T21:51:33","guid":{"rendered":"http:\/\/goladinha.eu\/blog\/?p=17463"},"modified":"2020-11-18T21:51:33","modified_gmt":"2020-11-18T21:51:33","slug":"entwaesserung-3","status":"publish","type":"post","link":"https:\/\/goladinha.eu\/blog\/2020\/11\/18\/entwaesserung-3\/","title":{"rendered":"Entw\u00e4sserung"},"content":{"rendered":"<p>Quarta 18. de Novembro 2020 \u2013nachts \u21938\u00ba \u2013 tags \u219120\u00ba <strong>\u2013 <\/strong><span style=\"color: #ff6600;\">Sonne<\/span>, <span style=\"color: #808080;\">zwischendurch Bew\u00f6lkung<\/span><\/p>\n<p>Die Niederschl\u00e4ge in Zentralportugal verteilen sich, das Jahr \u00fcber, nicht so moderat wie beispielsweise in Zentral-Europa. Die Hauptregenzeit ist neben dem Herbst das Fr\u00fchjahr. Die Winter sind zwar oft sonnig aber kalt und trocken &#8211; die Sommer heiss und trocken. Wenn es also hierzulande (Portugal) regnet, kann das sehr heftig und\/oder wochenlang der Fall sein.<\/p>\n<p>Wohl denen, die ihre H\u00e4user und ihr Land vor den m\u00f6glichen Fluten zu sch\u00fctzen wissen.<\/p>\n<div id=\"attachment_17464\" style=\"width: 510px\" class=\"wp-caption alignnone\"><a href=\"https:\/\/goladinha.eu\/blog\/wp-content\/files\/2020\/11\/graben_vp__181120.jpg\" target=\"_blank\" rel=\"noopener noreferrer\"><img loading=\"lazy\" decoding=\"async\" aria-describedby=\"caption-attachment-17464\" class=\"wp-image-17464 size-medium\" src=\"https:\/\/goladinha.eu\/blog\/wp-content\/files\/2020\/11\/graben_vp__181120-500x338.jpg\" alt=\"Dona Ana, Entw\u00e4sserungsgraben, Vale Pousada, Goladinha\" width=\"500\" height=\"338\" srcset=\"https:\/\/goladinha.eu\/blog\/wp-content\/files\/2020\/11\/graben_vp__181120-500x338.jpg 500w, https:\/\/goladinha.eu\/blog\/wp-content\/files\/2020\/11\/graben_vp__181120-150x100.jpg 150w, https:\/\/goladinha.eu\/blog\/wp-content\/files\/2020\/11\/graben_vp__181120-768x519.jpg 768w, https:\/\/goladinha.eu\/blog\/wp-content\/files\/2020\/11\/graben_vp__181120-1536x1038.jpg 1536w, https:\/\/goladinha.eu\/blog\/wp-content\/files\/2020\/11\/graben_vp__181120.jpg 1920w\" sizes=\"auto, (max-width: 500px) 100vw, 500px\" \/><\/a><p id=\"caption-attachment-17464\" class=\"wp-caption-text\">Dona Ana, unser Baggerlader, hat bei Freunden von uns einen m\u00e4chtigen Graben ausgehoben, der die Fluten von Haus und Hof fernhalten wird. Ein Mauerer wird, mit den bereits gelieferten Betonteilen, eine Br\u00fccke bauen &#8211; \u00fcbergangsweise (im wahrsten Sinne des Wortes) tut es eine Palette.<\/p><\/div>\n","protected":false},"excerpt":{"rendered":"<p>Quarta 18. de Novembro 2020 \u2013nachts \u21938\u00ba \u2013 tags \u219120\u00ba \u2013 Sonne, zwischendurch Bew\u00f6lkung Die Niederschl\u00e4ge in Zentralportugal verteilen sich, das Jahr \u00fcber, nicht so moderat wie beispielsweise in Zentral-Europa. Die Hauptregenzeit ist neben dem Herbst das Fr\u00fchjahr. Die Winter sind zwar oft sonnig aber kalt und trocken &#8211; die Sommer heiss und trocken. Wenn [&hellip;]<\/p>\n","protected":false},"author":1,"featured_media":0,"comment_status":"open","ping_status":"closed","sticky":false,"template":"","format":"standard","meta":{"footnotes":""},"categories":[10],"tags":[],"class_list":["post-17463","post","type-post","status-publish","format-standard","hentry","category-allgemein"],"_links":{"self":[{"href":"https:\/\/goladinha.eu\/blog\/wp-json\/wp\/v2\/posts\/17463","targetHints":{"allow":["GET"]}}],"collection":[{"href":"https:\/\/goladinha.eu\/blog\/wp-json\/wp\/v2\/posts"}],"about":[{"href":"https:\/\/goladinha.eu\/blog\/wp-json\/wp\/v2\/types\/post"}],"author":[{"embeddable":true,"href":"https:\/\/goladinha.eu\/blog\/wp-json\/wp\/v2\/users\/1"}],"replies":[{"embeddable":true,"href":"https:\/\/goladinha.eu\/blog\/wp-json\/wp\/v2\/comments?post=17463"}],"version-history":[{"count":5,"href":"https:\/\/goladinha.eu\/blog\/wp-json\/wp\/v2\/posts\/17463\/revisions"}],"predecessor-version":[{"id":17469,"href":"https:\/\/goladinha.eu\/blog\/wp-json\/wp\/v2\/posts\/17463\/revisions\/17469"}],"wp:attachment":[{"href":"https:\/\/goladinha.eu\/blog\/wp-json\/wp\/v2\/media?parent=17463"}],"wp:term":[{"taxonomy":"category","embeddable":true,"href":"https:\/\/goladinha.eu\/blog\/wp-json\/wp\/v2\/categories?post=17463"},{"taxonomy":"post_tag","embeddable":true,"href":"https:\/\/goladinha.eu\/blog\/wp-json\/wp\/v2\/tags?post=17463"}],"curies":[{"name":"wp","href":"https:\/\/api.w.org\/{rel}","templated":true}]}}