{"id":17429,"date":"2020-11-14T21:31:03","date_gmt":"2020-11-14T21:31:03","guid":{"rendered":"http:\/\/goladinha.eu\/blog\/?p=17429"},"modified":"2020-11-14T21:31:03","modified_gmt":"2020-11-14T21:31:03","slug":"typisch-herbstlich","status":"publish","type":"post","link":"https:\/\/goladinha.eu\/blog\/2020\/11\/14\/typisch-herbstlich\/","title":{"rendered":"typisch herbstlich"},"content":{"rendered":"<p>Sabado 14. de Novembro 2020 \u2013nachts \u21919\u00ba \u2013 tags \u219117\u00ba <strong>\u2013 <\/strong><span style=\"color: #808080;\"><strong>meist <\/strong>Bew\u00f6lkung,<\/span> <span style=\"color: #0000ff;\">4 Liter Regen\/m\u00b2<\/span> &#8211; <span style=\"color: #ff6600;\">ganz wenig Sonne<\/span><strong><br \/>\n<\/strong><\/p>\n<p>Folgende Bilder stammen von einem Freund, der sich derzeit im Allg\u00e4u aufh\u00e4lt. Die Qualit\u00e4t hat durch die \u00dcbertragung via Smartfon sehr gelitten, aber die herbstliche Stimmung kommt doch noch gut r\u00fcber.<br \/>\nIn Zentralportugal ist der Herbst weniger durch ver\u00e4nderte Farben auszumachen. Zum Beispiel wird das GR\u00dcN nach dem d\u00fcrren Sommer erst wieder saftig und leuchtend.<\/p>\n<div id=\"attachment_17430\" style=\"width: 510px\" class=\"wp-caption alignnone\"><a href=\"https:\/\/goladinha.eu\/blog\/wp-content\/files\/2020\/11\/baum1_caruzo__141120.jpg\" target=\"_blank\" rel=\"noopener noreferrer\"><img loading=\"lazy\" decoding=\"async\" aria-describedby=\"caption-attachment-17430\" class=\"wp-image-17430 size-medium\" src=\"https:\/\/goladinha.eu\/blog\/wp-content\/files\/2020\/11\/baum1_caruzo__141120-500x281.jpg\" alt=\"Herbst, Baum, Landschaft, Allg\u00e4u, DE, Goladinha\" width=\"500\" height=\"281\" srcset=\"https:\/\/goladinha.eu\/blog\/wp-content\/files\/2020\/11\/baum1_caruzo__141120-500x281.jpg 500w, https:\/\/goladinha.eu\/blog\/wp-content\/files\/2020\/11\/baum1_caruzo__141120-768x432.jpg 768w, https:\/\/goladinha.eu\/blog\/wp-content\/files\/2020\/11\/baum1_caruzo__141120-1536x864.jpg 1536w, https:\/\/goladinha.eu\/blog\/wp-content\/files\/2020\/11\/baum1_caruzo__141120.jpg 1600w\" sizes=\"auto, (max-width: 500px) 100vw, 500px\" \/><\/a><p id=\"caption-attachment-17430\" class=\"wp-caption-text\">Die\u00a0 Natur ver\u00e4ndert ihre Farben in Zentraleuropa. Das satte Gr\u00fcn wird von Farben wie Gold, Gelb und Rot abgel\u00f6st &#8211; es ist ein spektakul\u00e4res Erlebnis.<\/p><\/div>\n<div id=\"attachment_17431\" style=\"width: 510px\" class=\"wp-caption alignnone\"><a href=\"https:\/\/goladinha.eu\/blog\/wp-content\/files\/2020\/11\/baum2_caruzo__141120.jpg\"><img loading=\"lazy\" decoding=\"async\" aria-describedby=\"caption-attachment-17431\" class=\"wp-image-17431 size-medium\" src=\"https:\/\/goladinha.eu\/blog\/wp-content\/files\/2020\/11\/baum2_caruzo__141120-500x281.jpg\" alt=\"Herbst, Baum, Landschaft, Allg\u00e4u, DE, Goladinha\" width=\"500\" height=\"281\" srcset=\"https:\/\/goladinha.eu\/blog\/wp-content\/files\/2020\/11\/baum2_caruzo__141120-500x281.jpg 500w, https:\/\/goladinha.eu\/blog\/wp-content\/files\/2020\/11\/baum2_caruzo__141120-768x432.jpg 768w, https:\/\/goladinha.eu\/blog\/wp-content\/files\/2020\/11\/baum2_caruzo__141120-1536x864.jpg 1536w, https:\/\/goladinha.eu\/blog\/wp-content\/files\/2020\/11\/baum2_caruzo__141120.jpg 1600w\" sizes=\"auto, (max-width: 500px) 100vw, 500px\" \/><\/a><p id=\"caption-attachment-17431\" class=\"wp-caption-text\">Typische Allg\u00e4uer Voralpenlandschaft.<\/p><\/div>\n","protected":false},"excerpt":{"rendered":"<p>Sabado 14. de Novembro 2020 \u2013nachts \u21919\u00ba \u2013 tags \u219117\u00ba \u2013 meist Bew\u00f6lkung, 4 Liter Regen\/m\u00b2 &#8211; ganz wenig Sonne Folgende Bilder stammen von einem Freund, der sich derzeit im Allg\u00e4u aufh\u00e4lt. Die Qualit\u00e4t hat durch die \u00dcbertragung via Smartfon sehr gelitten, aber die herbstliche Stimmung kommt doch noch gut r\u00fcber. In Zentralportugal ist der [&hellip;]<\/p>\n","protected":false},"author":1,"featured_media":0,"comment_status":"open","ping_status":"closed","sticky":false,"template":"","format":"standard","meta":{"footnotes":""},"categories":[10],"tags":[],"class_list":["post-17429","post","type-post","status-publish","format-standard","hentry","category-allgemein"],"_links":{"self":[{"href":"https:\/\/goladinha.eu\/blog\/wp-json\/wp\/v2\/posts\/17429","targetHints":{"allow":["GET"]}}],"collection":[{"href":"https:\/\/goladinha.eu\/blog\/wp-json\/wp\/v2\/posts"}],"about":[{"href":"https:\/\/goladinha.eu\/blog\/wp-json\/wp\/v2\/types\/post"}],"author":[{"embeddable":true,"href":"https:\/\/goladinha.eu\/blog\/wp-json\/wp\/v2\/users\/1"}],"replies":[{"embeddable":true,"href":"https:\/\/goladinha.eu\/blog\/wp-json\/wp\/v2\/comments?post=17429"}],"version-history":[{"count":3,"href":"https:\/\/goladinha.eu\/blog\/wp-json\/wp\/v2\/posts\/17429\/revisions"}],"predecessor-version":[{"id":17434,"href":"https:\/\/goladinha.eu\/blog\/wp-json\/wp\/v2\/posts\/17429\/revisions\/17434"}],"wp:attachment":[{"href":"https:\/\/goladinha.eu\/blog\/wp-json\/wp\/v2\/media?parent=17429"}],"wp:term":[{"taxonomy":"category","embeddable":true,"href":"https:\/\/goladinha.eu\/blog\/wp-json\/wp\/v2\/categories?post=17429"},{"taxonomy":"post_tag","embeddable":true,"href":"https:\/\/goladinha.eu\/blog\/wp-json\/wp\/v2\/tags?post=17429"}],"curies":[{"name":"wp","href":"https:\/\/api.w.org\/{rel}","templated":true}]}}