{"id":17328,"date":"2020-10-31T21:09:08","date_gmt":"2020-10-31T21:09:08","guid":{"rendered":"http:\/\/goladinha.eu\/blog\/?p=17328"},"modified":"2020-10-31T21:11:54","modified_gmt":"2020-10-31T21:11:54","slug":"chamine-kamin-4","status":"publish","type":"post","link":"https:\/\/goladinha.eu\/blog\/2020\/10\/31\/chamine-kamin-4\/","title":{"rendered":"Chamin\u00e9 \u2013 Kamin 4"},"content":{"rendered":"<p>Sabado 31. de Outobro 2020 \u2013 nachts \u2191\u21935\u00ba \u2013 tags \u219320\u00ba \u2013 <span style=\"color: #ff6600;\">Sonne <span style=\"color: #000000;\">und <\/span><span style=\"color: #808080;\">gelegentliche Bew\u00f6lkung<\/span><br \/>\n<\/span><\/p>\n<p>Der Kamin in CASA AR (auf dem Bild das hinterste Geb\u00e4ude mit dem orangefarbenen Kamin) wurde von Mauerer im Jahr 2012 nach portugiesischem Standard gebaut. Es gibt an keiner Stelle eine Putz- oder Reinigungs\u00f6ffnung und auch nicht die M\u00f6glichkeit den Kamin von oben zu kehren &#8211; das wird durch die festbetonierte Kaminkrone verhindert.<\/p>\n<div id=\"attachment_17329\" style=\"width: 510px\" class=\"wp-caption alignnone\"><a href=\"https:\/\/goladinha.eu\/blog\/wp-content\/files\/2020\/10\/casa_verde_kamin3__311020.jpg\" target=\"_blank\" rel=\"noopener noreferrer\"><img loading=\"lazy\" decoding=\"async\" aria-describedby=\"caption-attachment-17329\" class=\"wp-image-17329 size-medium\" src=\"https:\/\/goladinha.eu\/blog\/wp-content\/files\/2020\/10\/casa_verde_kamin3__311020-500x338.jpg\" alt=\"Casa Verde, Kamin f\u00fcr Studio Casa Fogo Kaminkrone geklammert, Goladinha\" width=\"500\" height=\"338\" srcset=\"https:\/\/goladinha.eu\/blog\/wp-content\/files\/2020\/10\/casa_verde_kamin3__311020-500x338.jpg 500w, https:\/\/goladinha.eu\/blog\/wp-content\/files\/2020\/10\/casa_verde_kamin3__311020-150x100.jpg 150w, https:\/\/goladinha.eu\/blog\/wp-content\/files\/2020\/10\/casa_verde_kamin3__311020-768x519.jpg 768w, https:\/\/goladinha.eu\/blog\/wp-content\/files\/2020\/10\/casa_verde_kamin3__311020-1536x1038.jpg 1536w, https:\/\/goladinha.eu\/blog\/wp-content\/files\/2020\/10\/casa_verde_kamin3__311020.jpg 1920w\" sizes=\"auto, (max-width: 500px) 100vw, 500px\" \/><\/a><p id=\"caption-attachment-17329\" class=\"wp-caption-text\">Wir haben bei diesem <a href=\"https:\/\/goladinha.eu\/blog\/2020\/10\/26\/chamine-kamin-3\/\" target=\"_blank\" rel=\"noopener noreferrer\">Kamin in CASA VERDE<\/a>\u00a0 am Fusse der Konstruktion eine Putz\u00f6ffnung, bzw. Reinigungs\u00f6ffnung gelassen. Gekehrt wird von oben. Die Kaminabdeckung wurde nicht aufgem\u00f6rtelt. Damit der Kamindeckel aber nicht bei bei einem Sturm zu Boden geht wird er mit zwei Klammern gehalten &#8211; aus verzinktem und profiliertem Flachstahl, das auch auch schon mal einen anderen Zweck erf\u00fcllte. Es ist ein Mitbringsel vom Knaubenhof. <a href=\"https:\/\/goladinha.eu\/blog\/2020\/03\/08\/varanda\/\" target=\"_blank\" rel=\"noopener noreferrer\">Die urspr\u00fcngliche Bestimmung bestand darin, Kunststoff\u00f6ltanks vor Ausbeulung zu bewahren.<\/a><\/p><\/div>\n<p>Nebenbei bemerkt: Der Kamin wurde profisorisch mit einer armierten Alufolie verkleidet um ihn vor Durchfeuchtung zu sch\u00fctzen. Es gibt auch noch keine Kamineinfassung. Das Regenwasser wird vorerst \u00fcber die Unterspannbahn abgeleitet. Irgendwann nehmen wir uns f\u00fcr diese Klempnerarbeit Zeit, oder lassen es machen.<\/p>\n","protected":false},"excerpt":{"rendered":"<p>Sabado 31. de Outobro 2020 \u2013 nachts \u2191\u21935\u00ba \u2013 tags \u219320\u00ba \u2013 Sonne und gelegentliche Bew\u00f6lkung Der Kamin in CASA AR (auf dem Bild das hinterste Geb\u00e4ude mit dem orangefarbenen Kamin) wurde von Mauerer im Jahr 2012 nach portugiesischem Standard gebaut. Es gibt an keiner Stelle eine Putz- oder Reinigungs\u00f6ffnung und auch nicht die M\u00f6glichkeit [&hellip;]<\/p>\n","protected":false},"author":1,"featured_media":0,"comment_status":"open","ping_status":"closed","sticky":false,"template":"","format":"standard","meta":{"footnotes":""},"categories":[10],"tags":[],"class_list":["post-17328","post","type-post","status-publish","format-standard","hentry","category-allgemein"],"_links":{"self":[{"href":"https:\/\/goladinha.eu\/blog\/wp-json\/wp\/v2\/posts\/17328","targetHints":{"allow":["GET"]}}],"collection":[{"href":"https:\/\/goladinha.eu\/blog\/wp-json\/wp\/v2\/posts"}],"about":[{"href":"https:\/\/goladinha.eu\/blog\/wp-json\/wp\/v2\/types\/post"}],"author":[{"embeddable":true,"href":"https:\/\/goladinha.eu\/blog\/wp-json\/wp\/v2\/users\/1"}],"replies":[{"embeddable":true,"href":"https:\/\/goladinha.eu\/blog\/wp-json\/wp\/v2\/comments?post=17328"}],"version-history":[{"count":8,"href":"https:\/\/goladinha.eu\/blog\/wp-json\/wp\/v2\/posts\/17328\/revisions"}],"predecessor-version":[{"id":17337,"href":"https:\/\/goladinha.eu\/blog\/wp-json\/wp\/v2\/posts\/17328\/revisions\/17337"}],"wp:attachment":[{"href":"https:\/\/goladinha.eu\/blog\/wp-json\/wp\/v2\/media?parent=17328"}],"wp:term":[{"taxonomy":"category","embeddable":true,"href":"https:\/\/goladinha.eu\/blog\/wp-json\/wp\/v2\/categories?post=17328"},{"taxonomy":"post_tag","embeddable":true,"href":"https:\/\/goladinha.eu\/blog\/wp-json\/wp\/v2\/tags?post=17328"}],"curies":[{"name":"wp","href":"https:\/\/api.w.org\/{rel}","templated":true}]}}