{"id":17321,"date":"2020-10-30T21:16:28","date_gmt":"2020-10-30T21:16:28","guid":{"rendered":"http:\/\/goladinha.eu\/blog\/?p=17321"},"modified":"2020-10-30T21:20:48","modified_gmt":"2020-10-30T21:20:48","slug":"die-reifen-fallen","status":"publish","type":"post","link":"https:\/\/goladinha.eu\/blog\/2020\/10\/30\/die-reifen-fallen\/","title":{"rendered":"die reifen fallen"},"content":{"rendered":"<p>Seixta 30. de Outobro 2020 \u2013 nachts \u21915\u00ba \u2013 tags \u219121\u00ba \u2013 <span style=\"color: #ff6600;\">Sonne<\/span><\/p>\n<p>Auf unserem Grundst\u00fcck in Vilas de Pedro steht ein kleiner Orangenbaum. Klein ist er eigentlich nur, weil er im Schatten eines m\u00e4chtigen Feigenbaums \u00fcberleben muss.<\/p>\n<div id=\"attachment_17322\" style=\"width: 510px\" class=\"wp-caption alignnone\"><a href=\"https:\/\/goladinha.eu\/blog\/wp-content\/files\/2020\/10\/orange_gruen_vdp1__301020.jpg\" target=\"_blank\" rel=\"noopener noreferrer\"><img loading=\"lazy\" decoding=\"async\" aria-describedby=\"caption-attachment-17322\" class=\"wp-image-17322 size-medium\" src=\"https:\/\/goladinha.eu\/blog\/wp-content\/files\/2020\/10\/orange_gruen_vdp1__301020-500x338.jpg\" alt=\"Orangen, gr\u00fcn, und reif, vilas de Pedro, Goladinha\" width=\"500\" height=\"338\" srcset=\"https:\/\/goladinha.eu\/blog\/wp-content\/files\/2020\/10\/orange_gruen_vdp1__301020-500x338.jpg 500w, https:\/\/goladinha.eu\/blog\/wp-content\/files\/2020\/10\/orange_gruen_vdp1__301020-150x100.jpg 150w, https:\/\/goladinha.eu\/blog\/wp-content\/files\/2020\/10\/orange_gruen_vdp1__301020-768x519.jpg 768w, https:\/\/goladinha.eu\/blog\/wp-content\/files\/2020\/10\/orange_gruen_vdp1__301020-1536x1038.jpg 1536w, https:\/\/goladinha.eu\/blog\/wp-content\/files\/2020\/10\/orange_gruen_vdp1__301020.jpg 1920w\" sizes=\"auto, (max-width: 500px) 100vw, 500px\" \/><\/a><p id=\"caption-attachment-17322\" class=\"wp-caption-text\">Dennoch tr\u00e4gt er Fr\u00fcchte. Diejenigen, die am Baum h\u00e4ngen sind noch gr\u00fcn. Bis sie reif geworden sind werden wohl noch einige Wochen ins Land ziehen.<\/p><\/div>\n<div id=\"attachment_17323\" style=\"width: 510px\" class=\"wp-caption alignnone\"><a href=\"https:\/\/goladinha.eu\/blog\/wp-content\/files\/2020\/10\/orange_gruen_vdp2__301020.jpg\" target=\"_blank\" rel=\"noopener noreferrer\"><img loading=\"lazy\" decoding=\"async\" aria-describedby=\"caption-attachment-17323\" class=\"wp-image-17323 size-medium\" src=\"https:\/\/goladinha.eu\/blog\/wp-content\/files\/2020\/10\/orange_gruen_vdp2__301020-500x339.jpg\" alt=\"Orangen, gr\u00fcn, und reif, vilas de Pedro, Goladinha\" width=\"500\" height=\"339\" srcset=\"https:\/\/goladinha.eu\/blog\/wp-content\/files\/2020\/10\/orange_gruen_vdp2__301020-500x339.jpg 500w, https:\/\/goladinha.eu\/blog\/wp-content\/files\/2020\/10\/orange_gruen_vdp2__301020-768x521.jpg 768w, https:\/\/goladinha.eu\/blog\/wp-content\/files\/2020\/10\/orange_gruen_vdp2__301020-1536x1042.jpg 1536w, https:\/\/goladinha.eu\/blog\/wp-content\/files\/2020\/10\/orange_gruen_vdp2__301020.jpg 1920w\" sizes=\"auto, (max-width: 500px) 100vw, 500px\" \/><\/a><p id=\"caption-attachment-17323\" class=\"wp-caption-text\">Eine einzige ist dennoch schon reif und bereits vom Baum gefallen. Wie ein Osterei im Nest wartet sie auf ihre Entdeckung.<\/p><\/div>\n","protected":false},"excerpt":{"rendered":"<p>Seixta 30. de Outobro 2020 \u2013 nachts \u21915\u00ba \u2013 tags \u219121\u00ba \u2013 Sonne Auf unserem Grundst\u00fcck in Vilas de Pedro steht ein kleiner Orangenbaum. Klein ist er eigentlich nur, weil er im Schatten eines m\u00e4chtigen Feigenbaums \u00fcberleben muss.<\/p>\n","protected":false},"author":1,"featured_media":0,"comment_status":"open","ping_status":"closed","sticky":false,"template":"","format":"standard","meta":{"footnotes":""},"categories":[10],"tags":[],"class_list":["post-17321","post","type-post","status-publish","format-standard","hentry","category-allgemein"],"_links":{"self":[{"href":"https:\/\/goladinha.eu\/blog\/wp-json\/wp\/v2\/posts\/17321","targetHints":{"allow":["GET"]}}],"collection":[{"href":"https:\/\/goladinha.eu\/blog\/wp-json\/wp\/v2\/posts"}],"about":[{"href":"https:\/\/goladinha.eu\/blog\/wp-json\/wp\/v2\/types\/post"}],"author":[{"embeddable":true,"href":"https:\/\/goladinha.eu\/blog\/wp-json\/wp\/v2\/users\/1"}],"replies":[{"embeddable":true,"href":"https:\/\/goladinha.eu\/blog\/wp-json\/wp\/v2\/comments?post=17321"}],"version-history":[{"count":4,"href":"https:\/\/goladinha.eu\/blog\/wp-json\/wp\/v2\/posts\/17321\/revisions"}],"predecessor-version":[{"id":17327,"href":"https:\/\/goladinha.eu\/blog\/wp-json\/wp\/v2\/posts\/17321\/revisions\/17327"}],"wp:attachment":[{"href":"https:\/\/goladinha.eu\/blog\/wp-json\/wp\/v2\/media?parent=17321"}],"wp:term":[{"taxonomy":"category","embeddable":true,"href":"https:\/\/goladinha.eu\/blog\/wp-json\/wp\/v2\/categories?post=17321"},{"taxonomy":"post_tag","embeddable":true,"href":"https:\/\/goladinha.eu\/blog\/wp-json\/wp\/v2\/tags?post=17321"}],"curies":[{"name":"wp","href":"https:\/\/api.w.org\/{rel}","templated":true}]}}