{"id":17304,"date":"2020-10-27T22:09:54","date_gmt":"2020-10-27T22:09:54","guid":{"rendered":"http:\/\/goladinha.eu\/blog\/?p=17304"},"modified":"2020-10-27T22:09:54","modified_gmt":"2020-10-27T22:09:54","slug":"nebelaktion","status":"publish","type":"post","link":"https:\/\/goladinha.eu\/blog\/2020\/10\/27\/nebelaktion\/","title":{"rendered":"Nebelaktion"},"content":{"rendered":"<p>Terca 27. de Outobro 2020 \u2013 nachts \u2193\u21914\u00ba \u2013 tags \u219116\u00ba \u2013 <span style=\"color: #ff6600;\">Sonne<\/span> und <span style=\"color: #808080;\">Bew\u00f6lkung<\/span> im Wechsel<\/p>\n<p>Auf der Fahrt \u00fcber die Serra Espinhal kamen wir an folgendem Szenario vorbei. In der Mitte des Bildes ein tonnenschwerer H\u00e4cksler, der keine M\u00fche hat lange dicke Eukalyptusst\u00e4mmen zu schreddern. Links davon, offenbar ein Tankwagen, der den Treibstoff f\u00fcr die Schreddermaschine liefert. Und rechts steht der LKW der das Geh\u00e4ckselte aufnimmt. Interessant w\u00e4re, wohin?<\/p>\n<div id=\"attachment_17305\" style=\"width: 510px\" class=\"wp-caption alignnone\"><a href=\"https:\/\/goladinha.eu\/blog\/wp-content\/files\/2020\/10\/euka_haecksel__271020.jpg\" target=\"_blank\" rel=\"noopener noreferrer\"><img loading=\"lazy\" decoding=\"async\" aria-describedby=\"caption-attachment-17305\" class=\"wp-image-17305 size-medium\" src=\"https:\/\/goladinha.eu\/blog\/wp-content\/files\/2020\/10\/euka_haecksel__271020-500x338.jpg\" alt=\"\u00caukalyptus, H\u00e4cksler, Serra, Holzindustrie, Goladinha\" width=\"500\" height=\"338\" srcset=\"https:\/\/goladinha.eu\/blog\/wp-content\/files\/2020\/10\/euka_haecksel__271020-500x338.jpg 500w, https:\/\/goladinha.eu\/blog\/wp-content\/files\/2020\/10\/euka_haecksel__271020-150x100.jpg 150w, https:\/\/goladinha.eu\/blog\/wp-content\/files\/2020\/10\/euka_haecksel__271020-768x519.jpg 768w, https:\/\/goladinha.eu\/blog\/wp-content\/files\/2020\/10\/euka_haecksel__271020-1536x1038.jpg 1536w, https:\/\/goladinha.eu\/blog\/wp-content\/files\/2020\/10\/euka_haecksel__271020.jpg 1920w\" sizes=\"auto, (max-width: 500px) 100vw, 500px\" \/><\/a><p id=\"caption-attachment-17305\" class=\"wp-caption-text\">In Wirklichkeit hat sich das nicht im Nebel ereignet, sondern es hat sich in Wolken geh\u00fcllt abgespielt.<\/p><\/div>\n","protected":false},"excerpt":{"rendered":"<p>Terca 27. de Outobro 2020 \u2013 nachts \u2193\u21914\u00ba \u2013 tags \u219116\u00ba \u2013 Sonne und Bew\u00f6lkung im Wechsel Auf der Fahrt \u00fcber die Serra Espinhal kamen wir an folgendem Szenario vorbei. In der Mitte des Bildes ein tonnenschwerer H\u00e4cksler, der keine M\u00fche hat lange dicke Eukalyptusst\u00e4mmen zu schreddern. Links davon, offenbar ein Tankwagen, der den Treibstoff [&hellip;]<\/p>\n","protected":false},"author":1,"featured_media":0,"comment_status":"open","ping_status":"closed","sticky":false,"template":"","format":"standard","meta":{"footnotes":""},"categories":[10],"tags":[],"class_list":["post-17304","post","type-post","status-publish","format-standard","hentry","category-allgemein"],"_links":{"self":[{"href":"https:\/\/goladinha.eu\/blog\/wp-json\/wp\/v2\/posts\/17304","targetHints":{"allow":["GET"]}}],"collection":[{"href":"https:\/\/goladinha.eu\/blog\/wp-json\/wp\/v2\/posts"}],"about":[{"href":"https:\/\/goladinha.eu\/blog\/wp-json\/wp\/v2\/types\/post"}],"author":[{"embeddable":true,"href":"https:\/\/goladinha.eu\/blog\/wp-json\/wp\/v2\/users\/1"}],"replies":[{"embeddable":true,"href":"https:\/\/goladinha.eu\/blog\/wp-json\/wp\/v2\/comments?post=17304"}],"version-history":[{"count":3,"href":"https:\/\/goladinha.eu\/blog\/wp-json\/wp\/v2\/posts\/17304\/revisions"}],"predecessor-version":[{"id":17308,"href":"https:\/\/goladinha.eu\/blog\/wp-json\/wp\/v2\/posts\/17304\/revisions\/17308"}],"wp:attachment":[{"href":"https:\/\/goladinha.eu\/blog\/wp-json\/wp\/v2\/media?parent=17304"}],"wp:term":[{"taxonomy":"category","embeddable":true,"href":"https:\/\/goladinha.eu\/blog\/wp-json\/wp\/v2\/categories?post=17304"},{"taxonomy":"post_tag","embeddable":true,"href":"https:\/\/goladinha.eu\/blog\/wp-json\/wp\/v2\/tags?post=17304"}],"curies":[{"name":"wp","href":"https:\/\/api.w.org\/{rel}","templated":true}]}}