{"id":17282,"date":"2020-10-25T16:37:44","date_gmt":"2020-10-25T16:37:44","guid":{"rendered":"http:\/\/goladinha.eu\/blog\/?p=17282"},"modified":"2020-10-26T17:23:30","modified_gmt":"2020-10-26T17:23:30","slug":"schwarze-wolke","status":"publish","type":"post","link":"https:\/\/goladinha.eu\/blog\/2020\/10\/25\/schwarze-wolke\/","title":{"rendered":"schwarze Wolke"},"content":{"rendered":"<p>Domingo 25. de Outobro 2020 \u2013 nachts \u2191\u219111\u00ba \u2013\u00a0 tags \u219315\u00ba \u2013 <strong><span style=\"color: #0000ff;\">22 mm<\/span> <span style=\"color: #0000ff;\">Regen <\/span>Bew\u00f6lkung<\/strong>,<\/p>\n<p>Vom unseren Wohnzimmerfenstern aus haben wir einen sch\u00f6nen Blick auf die G\u00e4steh\u00e4user.<br \/>\nSo fiel uns diese schwarze Regenwolke auf, wie sie aus n\u00f6rdlicher Richtung angebraust kam &#8211; 1 Minute sp\u00e4ter war der Himmel vollst\u00e4ndig bedeckt und es hat gesch\u00fcttet.<\/p>\n<div id=\"attachment_17285\" style=\"width: 510px\" class=\"wp-caption alignnone\"><a href=\"https:\/\/goladinha.eu\/blog\/wp-content\/files\/2020\/10\/gola_regenwolke__251020.jpg\" target=\"_blank\" rel=\"noopener noreferrer\"><img loading=\"lazy\" decoding=\"async\" aria-describedby=\"caption-attachment-17285\" class=\"wp-image-17285 size-medium\" src=\"https:\/\/goladinha.eu\/blog\/wp-content\/files\/2020\/10\/gola_regenwolke__251020-500x361.jpg\" alt=\"schwarze Regenwolke im Anzug, Goladinha\" width=\"500\" height=\"361\" srcset=\"https:\/\/goladinha.eu\/blog\/wp-content\/files\/2020\/10\/gola_regenwolke__251020-500x361.jpg 500w, https:\/\/goladinha.eu\/blog\/wp-content\/files\/2020\/10\/gola_regenwolke__251020-1829x1320.jpg 1829w, https:\/\/goladinha.eu\/blog\/wp-content\/files\/2020\/10\/gola_regenwolke__251020-768x554.jpg 768w, https:\/\/goladinha.eu\/blog\/wp-content\/files\/2020\/10\/gola_regenwolke__251020-1536x1109.jpg 1536w, https:\/\/goladinha.eu\/blog\/wp-content\/files\/2020\/10\/gola_regenwolke__251020.jpg 1920w\" sizes=\"auto, (max-width: 500px) 100vw, 500px\" \/><\/a><p id=\"caption-attachment-17285\" class=\"wp-caption-text\">Die G\u00e4steh\u00e4user von rechts: CASA AR (alleinstehend), CASA METAL (der Giebel zeigt ins Tal), CASA <span class=\"tlid-translation translation\" lang=\"pt\"><span class=\"\" title=\"\">\u00c9TER\/TERRA (gelbe Fenster), CASA FOGO (Aussentreppe) unter einem Dach mit CASA VERDE. Ganz links CASA AGUA (erh\u00f6htes Dach)<\/span><\/span><\/p><\/div>\n","protected":false},"excerpt":{"rendered":"<p>Domingo 25. de Outobro 2020 \u2013 nachts \u2191\u219111\u00ba \u2013\u00a0 tags \u219315\u00ba \u2013 22 mm Regen Bew\u00f6lkung, Vom unseren Wohnzimmerfenstern aus haben wir einen sch\u00f6nen Blick auf die G\u00e4steh\u00e4user. So fiel uns diese schwarze Regenwolke auf, wie sie aus n\u00f6rdlicher Richtung angebraust kam &#8211; 1 Minute sp\u00e4ter war der Himmel vollst\u00e4ndig bedeckt und es hat gesch\u00fcttet.<\/p>\n","protected":false},"author":1,"featured_media":0,"comment_status":"open","ping_status":"closed","sticky":false,"template":"","format":"standard","meta":{"footnotes":""},"categories":[10],"tags":[],"class_list":["post-17282","post","type-post","status-publish","format-standard","hentry","category-allgemein"],"_links":{"self":[{"href":"https:\/\/goladinha.eu\/blog\/wp-json\/wp\/v2\/posts\/17282","targetHints":{"allow":["GET"]}}],"collection":[{"href":"https:\/\/goladinha.eu\/blog\/wp-json\/wp\/v2\/posts"}],"about":[{"href":"https:\/\/goladinha.eu\/blog\/wp-json\/wp\/v2\/types\/post"}],"author":[{"embeddable":true,"href":"https:\/\/goladinha.eu\/blog\/wp-json\/wp\/v2\/users\/1"}],"replies":[{"embeddable":true,"href":"https:\/\/goladinha.eu\/blog\/wp-json\/wp\/v2\/comments?post=17282"}],"version-history":[{"count":8,"href":"https:\/\/goladinha.eu\/blog\/wp-json\/wp\/v2\/posts\/17282\/revisions"}],"predecessor-version":[{"id":17296,"href":"https:\/\/goladinha.eu\/blog\/wp-json\/wp\/v2\/posts\/17282\/revisions\/17296"}],"wp:attachment":[{"href":"https:\/\/goladinha.eu\/blog\/wp-json\/wp\/v2\/media?parent=17282"}],"wp:term":[{"taxonomy":"category","embeddable":true,"href":"https:\/\/goladinha.eu\/blog\/wp-json\/wp\/v2\/categories?post=17282"},{"taxonomy":"post_tag","embeddable":true,"href":"https:\/\/goladinha.eu\/blog\/wp-json\/wp\/v2\/tags?post=17282"}],"curies":[{"name":"wp","href":"https:\/\/api.w.org\/{rel}","templated":true}]}}