{"id":17206,"date":"2020-10-15T21:16:32","date_gmt":"2020-10-15T20:16:32","guid":{"rendered":"http:\/\/goladinha.eu\/blog\/?p=17206"},"modified":"2020-10-15T21:16:32","modified_gmt":"2020-10-15T20:16:32","slug":"die-zeit-draengt","status":"publish","type":"post","link":"https:\/\/goladinha.eu\/blog\/2020\/10\/15\/die-zeit-draengt\/","title":{"rendered":"Die Zeit dr\u00e4ngt"},"content":{"rendered":"<p>Quinta 15. de Outobro 2020 \u2013 nachts \u21932\u00ba\u00a0 \u2013 tags \u2193\u219117\u00ba \u2013 <span style=\"color: #ff6600;\">Sonne<\/span><\/p>\n<p>Ein mittlerweile leidiges Thema &#8211; die Sanierung des Algeufers. <a href=\"https:\/\/goladinha.eu\/blog\/2018\/10\/03\/12255\/\" target=\"_blank\" rel=\"noopener noreferrer\">Im Oktober 2018 wurde das Ufer neu gestaltet<\/a>.<br \/>\n<a href=\"https:\/\/goladinha.eu\/blog\/2018\/12\/14\/spannend\/\" target=\"_blank\" rel=\"noopener noreferrer\">Im Dezember des gleichen Jahres<\/a> hatten wir schon ernsthafte Zweifel, ob die Sanierung von Dauer sein wird.<br \/>\nUnd so ging die Geschichte weiter, St\u00fcck f\u00fcr St\u00fcck wurde das Ufer von den Hochwassern weggesp\u00fclt. Der Plan im August 2019 das Ufer massiv zu befestigen wurde, aus welchen Gr\u00fcnden auch immer, leider nicht verwirklicht.<br \/>\nZum Winteranfang, <a href=\"https:\/\/goladinha.eu\/blog\/2019\/12\/21\/schlimmer-geht-immer\/\" target=\"_blank\" rel=\"noopener noreferrer\">am 21.Dezember 2019, kam es dann zum &#8222;Supergau&#8220;.<\/a> Gleich darauf, im Januar, sollte die<br \/>\nwiederholte Sanierung erfolgen.<\/p>\n<div id=\"attachment_17208\" style=\"width: 510px\" class=\"wp-caption alignnone\"><a href=\"https:\/\/goladinha.eu\/blog\/wp-content\/files\/2020\/10\/alge_ufer_aktuell__151020.jpg\" target=\"_blank\" rel=\"noopener noreferrer\"><img loading=\"lazy\" decoding=\"async\" aria-describedby=\"caption-attachment-17208\" class=\"wp-image-17208 size-medium\" src=\"https:\/\/goladinha.eu\/blog\/wp-content\/files\/2020\/10\/alge_ufer_aktuell__151020-500x338.jpg\" alt=\"Allgeufer, aktuell, Goladinha\" width=\"500\" height=\"338\" srcset=\"https:\/\/goladinha.eu\/blog\/wp-content\/files\/2020\/10\/alge_ufer_aktuell__151020-500x338.jpg 500w, https:\/\/goladinha.eu\/blog\/wp-content\/files\/2020\/10\/alge_ufer_aktuell__151020-150x100.jpg 150w, https:\/\/goladinha.eu\/blog\/wp-content\/files\/2020\/10\/alge_ufer_aktuell__151020-768x519.jpg 768w, https:\/\/goladinha.eu\/blog\/wp-content\/files\/2020\/10\/alge_ufer_aktuell__151020-1536x1038.jpg 1536w, https:\/\/goladinha.eu\/blog\/wp-content\/files\/2020\/10\/alge_ufer_aktuell__151020.jpg 1920w\" sizes=\"auto, (max-width: 500px) 100vw, 500px\" \/><\/a><p id=\"caption-attachment-17208\" class=\"wp-caption-text\">Sehr viel Zeit bleibt nicht mehr f\u00fcr die Wiederherstellung des Bachbettes. Wenn die Niederschl\u00e4ge kommen, lassen sich solche Arbeiten nicht mehr durchf\u00fchren. Wir haben nun nachgehakt und verschiedene Stellen kontaktiert. U.a. haben wir aktuelle Fotos gemacht und eingereicht &#8211; dieses zum Beispiel.<\/p><\/div>\n<p>Es zeigt &#8222;sehr sch\u00f6n&#8220;, dass eine weitere Aush\u00f6hlung des Ufers die Terrassenmauern zum Einsturz bringen wird &#8211; damit ginge auch ein St\u00fcck kulturelles Erbe zu Grunde.<\/p>\n","protected":false},"excerpt":{"rendered":"<p>Quinta 15. de Outobro 2020 \u2013 nachts \u21932\u00ba\u00a0 \u2013 tags \u2193\u219117\u00ba \u2013 Sonne Ein mittlerweile leidiges Thema &#8211; die Sanierung des Algeufers. Im Oktober 2018 wurde das Ufer neu gestaltet. Im Dezember des gleichen Jahres hatten wir schon ernsthafte Zweifel, ob die Sanierung von Dauer sein wird. Und so ging die Geschichte weiter, St\u00fcck f\u00fcr [&hellip;]<\/p>\n","protected":false},"author":1,"featured_media":0,"comment_status":"open","ping_status":"closed","sticky":false,"template":"","format":"standard","meta":{"footnotes":""},"categories":[10],"tags":[],"class_list":["post-17206","post","type-post","status-publish","format-standard","hentry","category-allgemein"],"_links":{"self":[{"href":"https:\/\/goladinha.eu\/blog\/wp-json\/wp\/v2\/posts\/17206","targetHints":{"allow":["GET"]}}],"collection":[{"href":"https:\/\/goladinha.eu\/blog\/wp-json\/wp\/v2\/posts"}],"about":[{"href":"https:\/\/goladinha.eu\/blog\/wp-json\/wp\/v2\/types\/post"}],"author":[{"embeddable":true,"href":"https:\/\/goladinha.eu\/blog\/wp-json\/wp\/v2\/users\/1"}],"replies":[{"embeddable":true,"href":"https:\/\/goladinha.eu\/blog\/wp-json\/wp\/v2\/comments?post=17206"}],"version-history":[{"count":7,"href":"https:\/\/goladinha.eu\/blog\/wp-json\/wp\/v2\/posts\/17206\/revisions"}],"predecessor-version":[{"id":17214,"href":"https:\/\/goladinha.eu\/blog\/wp-json\/wp\/v2\/posts\/17206\/revisions\/17214"}],"wp:attachment":[{"href":"https:\/\/goladinha.eu\/blog\/wp-json\/wp\/v2\/media?parent=17206"}],"wp:term":[{"taxonomy":"category","embeddable":true,"href":"https:\/\/goladinha.eu\/blog\/wp-json\/wp\/v2\/categories?post=17206"},{"taxonomy":"post_tag","embeddable":true,"href":"https:\/\/goladinha.eu\/blog\/wp-json\/wp\/v2\/tags?post=17206"}],"curies":[{"name":"wp","href":"https:\/\/api.w.org\/{rel}","templated":true}]}}