{"id":17140,"date":"2020-10-07T21:22:17","date_gmt":"2020-10-07T20:22:17","guid":{"rendered":"http:\/\/goladinha.eu\/blog\/?p=17140"},"modified":"2020-10-07T21:22:17","modified_gmt":"2020-10-07T20:22:17","slug":"herbstlicht","status":"publish","type":"post","link":"https:\/\/goladinha.eu\/blog\/2020\/10\/07\/herbstlicht\/","title":{"rendered":"Herbstlicht"},"content":{"rendered":"<p>Quarta 07. de Outobro 2020 \u2013 nachts \u21937\u00ba\u00a0 \u2013 tags \u219124\u00ba \u2013\u00a0 <span style=\"color: #ff6600;\"><strong>Sonne<\/strong>\u00a0<\/span><\/p>\n<p>Das Sonnenlicht ist jetzt milder &#8211; milder als im Sommer.<br \/>\nDie Schatten werden l\u00e4nger, die Tage sp\u00fcrbar k\u00fcrzer.<\/p>\n<div id=\"attachment_17141\" style=\"width: 510px\" class=\"wp-caption alignnone\"><a href=\"https:\/\/goladinha.eu\/blog\/wp-content\/files\/2020\/10\/herbst_licht__071020.jpg\" target=\"_blank\" rel=\"noopener noreferrer\"><img loading=\"lazy\" decoding=\"async\" aria-describedby=\"caption-attachment-17141\" class=\"wp-image-17141 size-medium\" src=\"https:\/\/goladinha.eu\/blog\/wp-content\/files\/2020\/10\/herbst_licht__071020-500x339.jpg\" alt=\"Herbst, Herbstlicht, Weinbl\u00e4tter, blaues Glas, Goiladinha\" width=\"500\" height=\"339\" srcset=\"https:\/\/goladinha.eu\/blog\/wp-content\/files\/2020\/10\/herbst_licht__071020-500x339.jpg 500w, https:\/\/goladinha.eu\/blog\/wp-content\/files\/2020\/10\/herbst_licht__071020-768x521.jpg 768w, https:\/\/goladinha.eu\/blog\/wp-content\/files\/2020\/10\/herbst_licht__071020-1536x1042.jpg 1536w, https:\/\/goladinha.eu\/blog\/wp-content\/files\/2020\/10\/herbst_licht__071020.jpg 1920w\" sizes=\"auto, (max-width: 500px) 100vw, 500px\" \/><\/a><p id=\"caption-attachment-17141\" class=\"wp-caption-text\">Die Weinbl\u00e4tter beginnen sich braun zu f\u00e4rben. Die Weintrauben sind vielerorts bereits geerntet und werden wohl, dort wo sie noch am Weinstock h\u00e4ngen, kaum noch s\u00fcsser werden.<\/p><\/div>\n","protected":false},"excerpt":{"rendered":"<p>Quarta 07. de Outobro 2020 \u2013 nachts \u21937\u00ba\u00a0 \u2013 tags \u219124\u00ba \u2013\u00a0 Sonne\u00a0 Das Sonnenlicht ist jetzt milder &#8211; milder als im Sommer. Die Schatten werden l\u00e4nger, die Tage sp\u00fcrbar k\u00fcrzer.<\/p>\n","protected":false},"author":1,"featured_media":0,"comment_status":"open","ping_status":"closed","sticky":false,"template":"","format":"standard","meta":{"footnotes":""},"categories":[10],"tags":[],"class_list":["post-17140","post","type-post","status-publish","format-standard","hentry","category-allgemein"],"_links":{"self":[{"href":"https:\/\/goladinha.eu\/blog\/wp-json\/wp\/v2\/posts\/17140","targetHints":{"allow":["GET"]}}],"collection":[{"href":"https:\/\/goladinha.eu\/blog\/wp-json\/wp\/v2\/posts"}],"about":[{"href":"https:\/\/goladinha.eu\/blog\/wp-json\/wp\/v2\/types\/post"}],"author":[{"embeddable":true,"href":"https:\/\/goladinha.eu\/blog\/wp-json\/wp\/v2\/users\/1"}],"replies":[{"embeddable":true,"href":"https:\/\/goladinha.eu\/blog\/wp-json\/wp\/v2\/comments?post=17140"}],"version-history":[{"count":3,"href":"https:\/\/goladinha.eu\/blog\/wp-json\/wp\/v2\/posts\/17140\/revisions"}],"predecessor-version":[{"id":17144,"href":"https:\/\/goladinha.eu\/blog\/wp-json\/wp\/v2\/posts\/17140\/revisions\/17144"}],"wp:attachment":[{"href":"https:\/\/goladinha.eu\/blog\/wp-json\/wp\/v2\/media?parent=17140"}],"wp:term":[{"taxonomy":"category","embeddable":true,"href":"https:\/\/goladinha.eu\/blog\/wp-json\/wp\/v2\/categories?post=17140"},{"taxonomy":"post_tag","embeddable":true,"href":"https:\/\/goladinha.eu\/blog\/wp-json\/wp\/v2\/tags?post=17140"}],"curies":[{"name":"wp","href":"https:\/\/api.w.org\/{rel}","templated":true}]}}