{"id":17049,"date":"2020-09-25T20:18:22","date_gmt":"2020-09-25T19:18:22","guid":{"rendered":"http:\/\/goladinha.eu\/blog\/?p=17049"},"modified":"2020-09-25T20:18:22","modified_gmt":"2020-09-25T19:18:22","slug":"schimmel-oder-bakterien","status":"publish","type":"post","link":"https:\/\/goladinha.eu\/blog\/2020\/09\/25\/schimmel-oder-bakterien\/","title":{"rendered":"Schimmel oder Bakterien"},"content":{"rendered":"<p>Seixta 25. de Setembro 2020 \u2013 nachts \u219310\u00ba \u2013 tags \u219318\u00ba \u2013 <span style=\"color: #ff6600;\">Sonne<\/span> und <span style=\"color: #808080;\">Bew\u00f6lkung<\/span> im Wechsel<\/p>\n<p>Noch ein aussergew\u00f6hnliches Foto, ebenfalls <a href=\"https:\/\/goladinha.eu\/blog\/2020\/09\/23\/opuntienkakteenblueteneffekt\/\" target=\"_blank\" rel=\"noopener noreferrer\">&#8222;geschossen&#8220; von Juliane<\/a>.<br \/>\nEin Ast im Eukalyptuswald. Vermutlich der Ast eines Eukalyptusbaumes.<\/p>\n<div id=\"attachment_17050\" style=\"width: 510px\" class=\"wp-caption alignnone\"><a href=\"https:\/\/goladinha.eu\/blog\/wp-content\/files\/2020\/09\/schimmel_lila__250920.jpg\" target=\"_blank\" rel=\"noopener noreferrer\"><img loading=\"lazy\" decoding=\"async\" aria-describedby=\"caption-attachment-17050\" class=\"wp-image-17050 size-medium\" src=\"https:\/\/goladinha.eu\/blog\/wp-content\/files\/2020\/09\/schimmel_lila__250920-500x375.jpg\" alt=\"Schimmel, lila, holz, Goladinha, Juliane,\" width=\"500\" height=\"375\" srcset=\"https:\/\/goladinha.eu\/blog\/wp-content\/files\/2020\/09\/schimmel_lila__250920-500x375.jpg 500w, https:\/\/goladinha.eu\/blog\/wp-content\/files\/2020\/09\/schimmel_lila__250920-1760x1320.jpg 1760w, https:\/\/goladinha.eu\/blog\/wp-content\/files\/2020\/09\/schimmel_lila__250920-768x576.jpg 768w, https:\/\/goladinha.eu\/blog\/wp-content\/files\/2020\/09\/schimmel_lila__250920-1536x1152.jpg 1536w, https:\/\/goladinha.eu\/blog\/wp-content\/files\/2020\/09\/schimmel_lila__250920.jpg 1920w\" sizes=\"auto, (max-width: 500px) 100vw, 500px\" \/><\/a><p id=\"caption-attachment-17050\" class=\"wp-caption-text\">Der lilane Schimmel l\u00e4sst sicher auf eine bestimmte Schimmelart schliessen?<\/p><\/div>\n<p>Es muss gar kein Schimmel sein&#8230; vielleicht k\u00f6nnten auch Bakterien daf\u00fcr verantwortlich sein?<br \/>\n<a href=\"https:\/\/www.augsburger-allgemeine.de\/bayern\/Warum-ist-dieser-See-im-Allgaeu-lila-id56947876.html\" target=\"_blank\" rel=\"noopener noreferrer\">Siehe Naturschauspiel im Allg\u00e4u<\/a><\/p>\n","protected":false},"excerpt":{"rendered":"<p>Seixta 25. de Setembro 2020 \u2013 nachts \u219310\u00ba \u2013 tags \u219318\u00ba \u2013 Sonne und Bew\u00f6lkung im Wechsel Noch ein aussergew\u00f6hnliches Foto, ebenfalls &#8222;geschossen&#8220; von Juliane. Ein Ast im Eukalyptuswald. Vermutlich der Ast eines Eukalyptusbaumes. Es muss gar kein Schimmel sein&#8230; vielleicht k\u00f6nnten auch Bakterien daf\u00fcr verantwortlich sein? Siehe Naturschauspiel im Allg\u00e4u<\/p>\n","protected":false},"author":1,"featured_media":0,"comment_status":"open","ping_status":"closed","sticky":false,"template":"","format":"standard","meta":{"footnotes":""},"categories":[10],"tags":[],"class_list":["post-17049","post","type-post","status-publish","format-standard","hentry","category-allgemein"],"_links":{"self":[{"href":"https:\/\/goladinha.eu\/blog\/wp-json\/wp\/v2\/posts\/17049","targetHints":{"allow":["GET"]}}],"collection":[{"href":"https:\/\/goladinha.eu\/blog\/wp-json\/wp\/v2\/posts"}],"about":[{"href":"https:\/\/goladinha.eu\/blog\/wp-json\/wp\/v2\/types\/post"}],"author":[{"embeddable":true,"href":"https:\/\/goladinha.eu\/blog\/wp-json\/wp\/v2\/users\/1"}],"replies":[{"embeddable":true,"href":"https:\/\/goladinha.eu\/blog\/wp-json\/wp\/v2\/comments?post=17049"}],"version-history":[{"count":5,"href":"https:\/\/goladinha.eu\/blog\/wp-json\/wp\/v2\/posts\/17049\/revisions"}],"predecessor-version":[{"id":17055,"href":"https:\/\/goladinha.eu\/blog\/wp-json\/wp\/v2\/posts\/17049\/revisions\/17055"}],"wp:attachment":[{"href":"https:\/\/goladinha.eu\/blog\/wp-json\/wp\/v2\/media?parent=17049"}],"wp:term":[{"taxonomy":"category","embeddable":true,"href":"https:\/\/goladinha.eu\/blog\/wp-json\/wp\/v2\/categories?post=17049"},{"taxonomy":"post_tag","embeddable":true,"href":"https:\/\/goladinha.eu\/blog\/wp-json\/wp\/v2\/tags?post=17049"}],"curies":[{"name":"wp","href":"https:\/\/api.w.org\/{rel}","templated":true}]}}