{"id":17001,"date":"2020-09-17T22:17:14","date_gmt":"2020-09-17T21:17:14","guid":{"rendered":"http:\/\/goladinha.eu\/blog\/?p=17001"},"modified":"2020-09-17T22:17:14","modified_gmt":"2020-09-17T21:17:14","slug":"nicht-nur-des-waldes","status":"publish","type":"post","link":"https:\/\/goladinha.eu\/blog\/2020\/09\/17\/nicht-nur-des-waldes\/","title":{"rendered":"&#8230;nicht nur des Waldes&#8230;"},"content":{"rendered":"<p>Quinta 17. de Setembro 2020 \u2013 nachts \u2193\u219111\u00ba \u2013 tags \u219324\u00ba \u2013 <span style=\"color: #808080;\">Bew\u00f6lkung<\/span>, <span style=\"color: #0000ff;\">15L\/m\u00b2 Regen<\/span>, <span style=\"color: #ff6600;\">wenig Sonne<\/span><\/p>\n<p>Ameisen gelten als &#8222;die Polizei des Waldes&#8220;<br \/>\nAber sie sind f\u00fcr das gesammte \u00d6kosystem enorm wichtig.<br \/>\nNeben der Aasbeseitigung und Dezimierung von Forstsch\u00e4dlingen verbreiten sie auch Samen und stellen sich zudem auch f\u00fcr einige Tierarten als Nahrung zur Verf\u00fcgung.<\/p>\n<div id=\"attachment_17002\" style=\"width: 510px\" class=\"wp-caption alignnone\"><a href=\"https:\/\/goladinha.eu\/blog\/wp-content\/files\/2020\/09\/ameisen_kaefer__170920.jpg\" target=\"_blank\" rel=\"noopener noreferrer\"><img loading=\"lazy\" decoding=\"async\" aria-describedby=\"caption-attachment-17002\" class=\"wp-image-17002 size-medium\" src=\"https:\/\/goladinha.eu\/blog\/wp-content\/files\/2020\/09\/ameisen_kaefer__170920-500x337.jpg\" alt=\"Ameisen, Hausbock, Polizei des Waldes, \u00d6kosytem, Goladinha\" width=\"500\" height=\"337\" srcset=\"https:\/\/goladinha.eu\/blog\/wp-content\/files\/2020\/09\/ameisen_kaefer__170920-500x337.jpg 500w, https:\/\/goladinha.eu\/blog\/wp-content\/files\/2020\/09\/ameisen_kaefer__170920-150x100.jpg 150w, https:\/\/goladinha.eu\/blog\/wp-content\/files\/2020\/09\/ameisen_kaefer__170920-768x518.jpg 768w, https:\/\/goladinha.eu\/blog\/wp-content\/files\/2020\/09\/ameisen_kaefer__170920-1536x1036.jpg 1536w, https:\/\/goladinha.eu\/blog\/wp-content\/files\/2020\/09\/ameisen_kaefer__170920.jpg 1920w\" sizes=\"auto, (max-width: 500px) 100vw, 500px\" \/><\/a><p id=\"caption-attachment-17002\" class=\"wp-caption-text\">Hier wird ein K\u00e4fer ausgeweidet, der wie auch immer um sein Leben gekommen ist. Ein Fundst\u00fcck mitten auf dem Weg.<\/p><\/div>\n","protected":false},"excerpt":{"rendered":"<p>Quinta 17. de Setembro 2020 \u2013 nachts \u2193\u219111\u00ba \u2013 tags \u219324\u00ba \u2013 Bew\u00f6lkung, 15L\/m\u00b2 Regen, wenig Sonne Ameisen gelten als &#8222;die Polizei des Waldes&#8220; Aber sie sind f\u00fcr das gesammte \u00d6kosystem enorm wichtig. Neben der Aasbeseitigung und Dezimierung von Forstsch\u00e4dlingen verbreiten sie auch Samen und stellen sich zudem auch f\u00fcr einige Tierarten als Nahrung zur [&hellip;]<\/p>\n","protected":false},"author":1,"featured_media":0,"comment_status":"open","ping_status":"closed","sticky":false,"template":"","format":"standard","meta":{"footnotes":""},"categories":[10],"tags":[],"class_list":["post-17001","post","type-post","status-publish","format-standard","hentry","category-allgemein"],"_links":{"self":[{"href":"https:\/\/goladinha.eu\/blog\/wp-json\/wp\/v2\/posts\/17001","targetHints":{"allow":["GET"]}}],"collection":[{"href":"https:\/\/goladinha.eu\/blog\/wp-json\/wp\/v2\/posts"}],"about":[{"href":"https:\/\/goladinha.eu\/blog\/wp-json\/wp\/v2\/types\/post"}],"author":[{"embeddable":true,"href":"https:\/\/goladinha.eu\/blog\/wp-json\/wp\/v2\/users\/1"}],"replies":[{"embeddable":true,"href":"https:\/\/goladinha.eu\/blog\/wp-json\/wp\/v2\/comments?post=17001"}],"version-history":[{"count":3,"href":"https:\/\/goladinha.eu\/blog\/wp-json\/wp\/v2\/posts\/17001\/revisions"}],"predecessor-version":[{"id":17005,"href":"https:\/\/goladinha.eu\/blog\/wp-json\/wp\/v2\/posts\/17001\/revisions\/17005"}],"wp:attachment":[{"href":"https:\/\/goladinha.eu\/blog\/wp-json\/wp\/v2\/media?parent=17001"}],"wp:term":[{"taxonomy":"category","embeddable":true,"href":"https:\/\/goladinha.eu\/blog\/wp-json\/wp\/v2\/categories?post=17001"},{"taxonomy":"post_tag","embeddable":true,"href":"https:\/\/goladinha.eu\/blog\/wp-json\/wp\/v2\/tags?post=17001"}],"curies":[{"name":"wp","href":"https:\/\/api.w.org\/{rel}","templated":true}]}}