{"id":16989,"date":"2020-09-16T22:35:04","date_gmt":"2020-09-16T21:35:04","guid":{"rendered":"http:\/\/goladinha.eu\/blog\/?p=16989"},"modified":"2020-09-16T22:35:04","modified_gmt":"2020-09-16T21:35:04","slug":"covid19-und-das-unverstaendnis","status":"publish","type":"post","link":"https:\/\/goladinha.eu\/blog\/2020\/09\/16\/covid19-und-das-unverstaendnis\/","title":{"rendered":"Covid19 und das Unverst\u00e4ndnis"},"content":{"rendered":"<p>Quarta 16. de Setembro 2020 \u2013 nachts \u219311\u00ba \u2013 tags \u219127\u00ba \u2013 <span style=\"color: #808080;\">vormittags leichte Bew\u00f6lkung,<\/span> <span style=\"color: #ff6600;\">danach <strong>Sonne<\/strong><\/span><\/p>\n<p>Das Flussbad <a href=\"https:\/\/www.praiafluvial.pt\/praia-fluvial-da-loucainha\/\" target=\"_blank\" rel=\"noopener noreferrer\">Loucainha<\/a> war am vergangenen Sonntag relativ gut besucht. Wegen COVID19 wurde einer der Zug\u00e4nge zur Anlage gesperrt. Das ist kaum zu verstehen. Zug\u00e4nge werden doch nur kurzfristig, nicht zum andauernden Aufenthalt genutzt. Das Ansteckungsrisko d\u00fcrfte doch deshalb \u00e4usserst gering sein, wenn nicht sogar nahe Null liegen.<br \/>\nAnders auf der Liegewiese, wo sich wesentlich mehr Menschen aufhalten &#8211; \u00fcber l\u00e4ngere Zeit.<br \/>\nAber auch hier, im Freien, besteht doch kaum Gefahr einer Infektion.<\/p>\n<div id=\"attachment_16992\" style=\"width: 510px\" class=\"wp-caption alignnone\"><img loading=\"lazy\" decoding=\"async\" aria-describedby=\"caption-attachment-16992\" class=\"size-medium wp-image-16992\" src=\"https:\/\/goladinha.eu\/blog\/wp-content\/files\/2020\/09\/covid19_sperre__190920-500x342.jpg\" alt=\"Covid19, Praia Fluvial Loucainha, Zugang gesperrt, Goladinha\" width=\"500\" height=\"342\" srcset=\"https:\/\/goladinha.eu\/blog\/wp-content\/files\/2020\/09\/covid19_sperre__190920-500x342.jpg 500w, https:\/\/goladinha.eu\/blog\/wp-content\/files\/2020\/09\/covid19_sperre__190920-1920x1312.jpg 1920w, https:\/\/goladinha.eu\/blog\/wp-content\/files\/2020\/09\/covid19_sperre__190920-768x525.jpg 768w, https:\/\/goladinha.eu\/blog\/wp-content\/files\/2020\/09\/covid19_sperre__190920-1536x1050.jpg 1536w, https:\/\/goladinha.eu\/blog\/wp-content\/files\/2020\/09\/covid19_sperre__190920-2048x1399.jpg 2048w\" sizes=\"auto, (max-width: 500px) 100vw, 500px\" \/><p id=\"caption-attachment-16992\" class=\"wp-caption-text\">Auf dem Bild ist der Bereich nach der Aufstaung zu sehen.<\/p><\/div>\n<div id=\"attachment_16996\" style=\"width: 510px\" class=\"wp-caption alignnone\"><a href=\"https:\/\/goladinha.eu\/blog\/wp-content\/files\/2020\/09\/loucainha_praia__160920.jpg\" target=\"_blank\" rel=\"noopener noreferrer\"><img loading=\"lazy\" decoding=\"async\" aria-describedby=\"caption-attachment-16996\" class=\"wp-image-16996 size-medium\" src=\"https:\/\/goladinha.eu\/blog\/wp-content\/files\/2020\/09\/loucainha_praia__160920-500x384.jpg\" alt=\"Praia Fluvial Loucainha, Penela, Goladinha\" width=\"500\" height=\"384\" srcset=\"https:\/\/goladinha.eu\/blog\/wp-content\/files\/2020\/09\/loucainha_praia__160920-500x384.jpg 500w, https:\/\/goladinha.eu\/blog\/wp-content\/files\/2020\/09\/loucainha_praia__160920-1719x1320.jpg 1719w, https:\/\/goladinha.eu\/blog\/wp-content\/files\/2020\/09\/loucainha_praia__160920-768x590.jpg 768w, https:\/\/goladinha.eu\/blog\/wp-content\/files\/2020\/09\/loucainha_praia__160920-1536x1179.jpg 1536w, https:\/\/goladinha.eu\/blog\/wp-content\/files\/2020\/09\/loucainha_praia__160920.jpg 1920w\" sizes=\"auto, (max-width: 500px) 100vw, 500px\" \/><\/a><p id=\"caption-attachment-16996\" class=\"wp-caption-text\">Hier sieht man links die Promenade und rechts die Liegewiese. Das Bild wurde dem <a href=\"https:\/\/www.praiafluvial.pt\/praia-fluvial-da-loucainha\/\" target=\"_blank\" rel=\"noopener noreferrer\">Webauftritt<\/a> entnommen.<\/p><\/div>\n<p>&nbsp;<\/p>\n","protected":false},"excerpt":{"rendered":"<p>Quarta 16. de Setembro 2020 \u2013 nachts \u219311\u00ba \u2013 tags \u219127\u00ba \u2013 vormittags leichte Bew\u00f6lkung, danach Sonne Das Flussbad Loucainha war am vergangenen Sonntag relativ gut besucht. Wegen COVID19 wurde einer der Zug\u00e4nge zur Anlage gesperrt. Das ist kaum zu verstehen. Zug\u00e4nge werden doch nur kurzfristig, nicht zum andauernden Aufenthalt genutzt. Das Ansteckungsrisko d\u00fcrfte doch [&hellip;]<\/p>\n","protected":false},"author":1,"featured_media":0,"comment_status":"open","ping_status":"closed","sticky":false,"template":"","format":"standard","meta":{"footnotes":""},"categories":[10],"tags":[],"class_list":["post-16989","post","type-post","status-publish","format-standard","hentry","category-allgemein"],"_links":{"self":[{"href":"https:\/\/goladinha.eu\/blog\/wp-json\/wp\/v2\/posts\/16989","targetHints":{"allow":["GET"]}}],"collection":[{"href":"https:\/\/goladinha.eu\/blog\/wp-json\/wp\/v2\/posts"}],"about":[{"href":"https:\/\/goladinha.eu\/blog\/wp-json\/wp\/v2\/types\/post"}],"author":[{"embeddable":true,"href":"https:\/\/goladinha.eu\/blog\/wp-json\/wp\/v2\/users\/1"}],"replies":[{"embeddable":true,"href":"https:\/\/goladinha.eu\/blog\/wp-json\/wp\/v2\/comments?post=16989"}],"version-history":[{"count":8,"href":"https:\/\/goladinha.eu\/blog\/wp-json\/wp\/v2\/posts\/16989\/revisions"}],"predecessor-version":[{"id":17000,"href":"https:\/\/goladinha.eu\/blog\/wp-json\/wp\/v2\/posts\/16989\/revisions\/17000"}],"wp:attachment":[{"href":"https:\/\/goladinha.eu\/blog\/wp-json\/wp\/v2\/media?parent=16989"}],"wp:term":[{"taxonomy":"category","embeddable":true,"href":"https:\/\/goladinha.eu\/blog\/wp-json\/wp\/v2\/categories?post=16989"},{"taxonomy":"post_tag","embeddable":true,"href":"https:\/\/goladinha.eu\/blog\/wp-json\/wp\/v2\/tags?post=16989"}],"curies":[{"name":"wp","href":"https:\/\/api.w.org\/{rel}","templated":true}]}}