{"id":16530,"date":"2020-07-15T22:01:32","date_gmt":"2020-07-15T21:01:32","guid":{"rendered":"http:\/\/goladinha.eu\/blog\/?p=16530"},"modified":"2020-07-15T22:01:32","modified_gmt":"2020-07-15T21:01:32","slug":"maximale-brandgefahr","status":"publish","type":"post","link":"https:\/\/goladinha.eu\/blog\/2020\/07\/15\/maximale-brandgefahr\/","title":{"rendered":"Maximale Brandgefahr"},"content":{"rendered":"<p>Quarta 15. de Julho 2020 \u2013 nachts \u219116 \u2013 tags \u219134\u00ba \u2013\u00a0 <strong><span style=\"color: #ff6600;\">Sonne<\/span> <\/strong><\/p>\n<p><span class=\"tlid-translation translation\" lang=\"de\">Die Tagestemperaturen steigen und steigen und die N\u00e4chte sind verh\u00e4ltnism\u00e4ssig warm.<br \/>\nDas <a href=\"https:\/\/www.ipma.pt\/pt\/riscoincendio\/rcm.pt\/#2#0505\" target=\"_blank\" rel=\"noopener noreferrer\">portugiesische Institut f\u00fcr Meer und Atmosph\u00e4re<\/a><\/span> ver\u00f6ffentlicht t\u00e4glich eine aktuelle Einsch\u00e4tzung \u00fcber die Brandgefahr in Portugal.<br \/>\nAm kommenden Freitag sind weite Teile Portugals &#8211; vor allem der Norden und das Zentrum mit der maximalen Brandgefahr betitelt.<\/p>\n<div id=\"attachment_16531\" style=\"width: 510px\" class=\"wp-caption alignnone\"><a href=\"https:\/\/goladinha.eu\/blog\/wp-content\/files\/2020\/07\/brandgefahr__150720.jpg\" target=\"_blank\" rel=\"noopener noreferrer\"><img loading=\"lazy\" decoding=\"async\" aria-describedby=\"caption-attachment-16531\" class=\"wp-image-16531 size-medium\" src=\"https:\/\/goladinha.eu\/blog\/wp-content\/files\/2020\/07\/brandgefahr__150720-500x292.jpg\" alt=\"h\u00f6chste Brandgefahr, Nord und Zentralportugal, Goladinha\" width=\"500\" height=\"292\" srcset=\"https:\/\/goladinha.eu\/blog\/wp-content\/files\/2020\/07\/brandgefahr__150720-500x292.jpg 500w, https:\/\/goladinha.eu\/blog\/wp-content\/files\/2020\/07\/brandgefahr__150720-768x448.jpg 768w, https:\/\/goladinha.eu\/blog\/wp-content\/files\/2020\/07\/brandgefahr__150720.jpg 1029w\" sizes=\"auto, (max-width: 500px) 100vw, 500px\" \/><\/a><p id=\"caption-attachment-16531\" class=\"wp-caption-text\">In der Mitte der Karte ist Portugal zu lesen &#8211; etwas oberhalb von &#8222;Port&#8220; sind wir.<\/p><\/div>\n","protected":false},"excerpt":{"rendered":"<p>Quarta 15. de Julho 2020 \u2013 nachts \u219116 \u2013 tags \u219134\u00ba \u2013\u00a0 Sonne Die Tagestemperaturen steigen und steigen und die N\u00e4chte sind verh\u00e4ltnism\u00e4ssig warm. Das portugiesische Institut f\u00fcr Meer und Atmosph\u00e4re ver\u00f6ffentlicht t\u00e4glich eine aktuelle Einsch\u00e4tzung \u00fcber die Brandgefahr in Portugal. Am kommenden Freitag sind weite Teile Portugals &#8211; vor allem der Norden und das [&hellip;]<\/p>\n","protected":false},"author":1,"featured_media":0,"comment_status":"open","ping_status":"closed","sticky":false,"template":"","format":"standard","meta":{"footnotes":""},"categories":[10],"tags":[],"class_list":["post-16530","post","type-post","status-publish","format-standard","hentry","category-allgemein"],"_links":{"self":[{"href":"https:\/\/goladinha.eu\/blog\/wp-json\/wp\/v2\/posts\/16530","targetHints":{"allow":["GET"]}}],"collection":[{"href":"https:\/\/goladinha.eu\/blog\/wp-json\/wp\/v2\/posts"}],"about":[{"href":"https:\/\/goladinha.eu\/blog\/wp-json\/wp\/v2\/types\/post"}],"author":[{"embeddable":true,"href":"https:\/\/goladinha.eu\/blog\/wp-json\/wp\/v2\/users\/1"}],"replies":[{"embeddable":true,"href":"https:\/\/goladinha.eu\/blog\/wp-json\/wp\/v2\/comments?post=16530"}],"version-history":[{"count":2,"href":"https:\/\/goladinha.eu\/blog\/wp-json\/wp\/v2\/posts\/16530\/revisions"}],"predecessor-version":[{"id":16533,"href":"https:\/\/goladinha.eu\/blog\/wp-json\/wp\/v2\/posts\/16530\/revisions\/16533"}],"wp:attachment":[{"href":"https:\/\/goladinha.eu\/blog\/wp-json\/wp\/v2\/media?parent=16530"}],"wp:term":[{"taxonomy":"category","embeddable":true,"href":"https:\/\/goladinha.eu\/blog\/wp-json\/wp\/v2\/categories?post=16530"},{"taxonomy":"post_tag","embeddable":true,"href":"https:\/\/goladinha.eu\/blog\/wp-json\/wp\/v2\/tags?post=16530"}],"curies":[{"name":"wp","href":"https:\/\/api.w.org\/{rel}","templated":true}]}}