{"id":16455,"date":"2020-07-06T19:47:36","date_gmt":"2020-07-06T18:47:36","guid":{"rendered":"http:\/\/goladinha.eu\/blog\/?p=16455"},"modified":"2020-07-07T19:12:56","modified_gmt":"2020-07-07T18:12:56","slug":"feigenduft","status":"publish","type":"post","link":"https:\/\/goladinha.eu\/blog\/2020\/07\/06\/feigenduft\/","title":{"rendered":"Feigenduft"},"content":{"rendered":"<p>Segunda 06.de Julho 2020 \u2013 nachts \u2193\u219112\u2013 tags \u2191\u219334\u00ba \u2013\u00a0 <span style=\"color: #ff6600;\"><strong>Sonne<\/strong><\/span><\/p>\n<p>Diese Rinde wurde vor mehr als drei Jahren von einem d\u00fcnnen Ast eines Feigenbaumes gesch\u00e4lt, ohne Absicht zu diesem B\u00fcndel gebunden und eher zuf\u00e4llig im Seminarraum aufbewahrt. Irgenwann haben wir bemerkt, dass von dieser Rinde ein &#8222;s\u00fcsslicher Duft&#8220; ausgeht.<\/p>\n<div id=\"attachment_16456\" style=\"width: 510px\" class=\"wp-caption alignnone\"><a href=\"https:\/\/goladinha.eu\/blog\/wp-content\/files\/2020\/07\/feigenrinde__060720.jpg\" target=\"_blank\" rel=\"noopener noreferrer\"><img loading=\"lazy\" decoding=\"async\" aria-describedby=\"caption-attachment-16456\" class=\"wp-image-16456 size-medium\" src=\"https:\/\/goladinha.eu\/blog\/wp-content\/files\/2020\/07\/feigenrinde__060720-500x327.jpg\" alt=\"Feigenrinde, duftend, ein bisschen nach Vanille, Goladinha\" width=\"500\" height=\"327\" srcset=\"https:\/\/goladinha.eu\/blog\/wp-content\/files\/2020\/07\/feigenrinde__060720-500x327.jpg 500w, https:\/\/goladinha.eu\/blog\/wp-content\/files\/2020\/07\/feigenrinde__060720-768x503.jpg 768w, https:\/\/goladinha.eu\/blog\/wp-content\/files\/2020\/07\/feigenrinde__060720-1536x1006.jpg 1536w, https:\/\/goladinha.eu\/blog\/wp-content\/files\/2020\/07\/feigenrinde__060720.jpg 1920w\" sizes=\"auto, (max-width: 500px) 100vw, 500px\" \/><\/a><p id=\"caption-attachment-16456\" class=\"wp-caption-text\">Erstaunlicherweise hat die Qualit\u00e4t und Intensivit\u00e4t des Duftes kaum abgenommen.<\/p><\/div>\n<p>Noch ist es nicht m\u00f6glich D\u00fcfte via Internet zu versenden &#8211; zumindest nicht f\u00fcr den Alltagsbenutzer.<br \/>\nIrgenwann ist das sicher auch m\u00f6glich. Ob es Sinn macht ist eine andere Frage.<br \/>\nBis dahin bleibt nur die analoge Erfahrung &#8211; z.B. in Goladinha.<\/p>\n","protected":false},"excerpt":{"rendered":"<p>Segunda 06.de Julho 2020 \u2013 nachts \u2193\u219112\u2013 tags \u2191\u219334\u00ba \u2013\u00a0 Sonne Diese Rinde wurde vor mehr als drei Jahren von einem d\u00fcnnen Ast eines Feigenbaumes gesch\u00e4lt, ohne Absicht zu diesem B\u00fcndel gebunden und eher zuf\u00e4llig im Seminarraum aufbewahrt. Irgenwann haben wir bemerkt, dass von dieser Rinde ein &#8222;s\u00fcsslicher Duft&#8220; ausgeht. Noch ist es nicht m\u00f6glich [&hellip;]<\/p>\n","protected":false},"author":1,"featured_media":0,"comment_status":"open","ping_status":"closed","sticky":false,"template":"","format":"standard","meta":{"footnotes":""},"categories":[10],"tags":[],"class_list":["post-16455","post","type-post","status-publish","format-standard","hentry","category-allgemein"],"_links":{"self":[{"href":"https:\/\/goladinha.eu\/blog\/wp-json\/wp\/v2\/posts\/16455","targetHints":{"allow":["GET"]}}],"collection":[{"href":"https:\/\/goladinha.eu\/blog\/wp-json\/wp\/v2\/posts"}],"about":[{"href":"https:\/\/goladinha.eu\/blog\/wp-json\/wp\/v2\/types\/post"}],"author":[{"embeddable":true,"href":"https:\/\/goladinha.eu\/blog\/wp-json\/wp\/v2\/users\/1"}],"replies":[{"embeddable":true,"href":"https:\/\/goladinha.eu\/blog\/wp-json\/wp\/v2\/comments?post=16455"}],"version-history":[{"count":9,"href":"https:\/\/goladinha.eu\/blog\/wp-json\/wp\/v2\/posts\/16455\/revisions"}],"predecessor-version":[{"id":16467,"href":"https:\/\/goladinha.eu\/blog\/wp-json\/wp\/v2\/posts\/16455\/revisions\/16467"}],"wp:attachment":[{"href":"https:\/\/goladinha.eu\/blog\/wp-json\/wp\/v2\/media?parent=16455"}],"wp:term":[{"taxonomy":"category","embeddable":true,"href":"https:\/\/goladinha.eu\/blog\/wp-json\/wp\/v2\/categories?post=16455"},{"taxonomy":"post_tag","embeddable":true,"href":"https:\/\/goladinha.eu\/blog\/wp-json\/wp\/v2\/tags?post=16455"}],"curies":[{"name":"wp","href":"https:\/\/api.w.org\/{rel}","templated":true}]}}