{"id":16450,"date":"2020-07-05T21:30:16","date_gmt":"2020-07-05T20:30:16","guid":{"rendered":"http:\/\/goladinha.eu\/blog\/?p=16450"},"modified":"2020-07-06T19:34:57","modified_gmt":"2020-07-06T18:34:57","slug":"traumfaenger","status":"publish","type":"post","link":"https:\/\/goladinha.eu\/blog\/2020\/07\/05\/traumfaenger\/","title":{"rendered":"Traumf\u00e4nger"},"content":{"rendered":"<p>Domingo 05. de Julho 2020 \u2013 nachts \u2191\u219112\u2013 tags \u219134\u00ba \u2013\u00a0 <span style=\"color: #ff6600;\"><strong>Sonne<\/strong><\/span><\/p>\n<p><a href=\"https:\/\/goladinha.eu\/blog\/2017\/01\/14\/die-wuensche-im-neuen-jahr\/\" target=\"_blank\" rel=\"noopener noreferrer\">Vor 3 ein halb Jahren<\/a> haben wir oben in der Serra do Espinhal einen Traumf\u00e4nger aufgeh\u00e4ngt. Dazu gibt es auch ein <a href=\"https:\/\/www.youtube.com\/watch?v=tOMByyHo-lQ\" target=\"_blank\" rel=\"noopener noreferrer\">Video<\/a>.<br \/>\nF\u00fcr alle, die sich eingebunden hatten, konnten sich f\u00fcr das bevorstehende Jahr\u00a0 sich etwas pers\u00f6nliches w\u00fcnschen.<\/p>\n<p><a href=\"https:\/\/goladinha.eu\/blog\/2017\/07\/22\/die-guten-wuensche\/\" target=\"_blank\" rel=\"noopener noreferrer\">Ein halbes Jahr sp\u00e4ter, am 22. Juli<\/a>, hing er noch immer am gleichen Platz &#8211; er hatte den Brand, am 17. Juni, schadlos \u00fcberstanden.<\/p>\n<p><a href=\"https:\/\/goladinha.eu\/blog\/2018\/06\/24\/was-ist-eigentlich\/\" target=\"_blank\" rel=\"noopener noreferrer\">Vor 2 Jahren haben<\/a> wir mal nachgeschaut und ihn tats\u00e4chlich wieder entdeckt.<\/p>\n<div id=\"attachment_16452\" style=\"width: 510px\" class=\"wp-caption alignnone\"><a href=\"https:\/\/goladinha.eu\/blog\/wp-content\/files\/2020\/07\/traumfaenger_serra_050720.jpg\"><img loading=\"lazy\" decoding=\"async\" aria-describedby=\"caption-attachment-16452\" class=\"wp-image-16452 size-medium\" src=\"https:\/\/goladinha.eu\/blog\/wp-content\/files\/2020\/07\/traumfaenger_serra_050720-500x339.jpg\" alt=\"Traumf\u00e4nger, Serra do Espinhal, W\u00fcnsche, 2017, Goladinha\" width=\"500\" height=\"339\" srcset=\"https:\/\/goladinha.eu\/blog\/wp-content\/files\/2020\/07\/traumfaenger_serra_050720-500x339.jpg 500w, https:\/\/goladinha.eu\/blog\/wp-content\/files\/2020\/07\/traumfaenger_serra_050720-768x520.jpg 768w, https:\/\/goladinha.eu\/blog\/wp-content\/files\/2020\/07\/traumfaenger_serra_050720-1536x1040.jpg 1536w, https:\/\/goladinha.eu\/blog\/wp-content\/files\/2020\/07\/traumfaenger_serra_050720.jpg 1920w\" sizes=\"auto, (max-width: 500px) 100vw, 500px\" \/><\/a><p id=\"caption-attachment-16452\" class=\"wp-caption-text\">Heute, nach drei ein halb Jahren ist er immer noch da.<\/p><\/div>\n<p>Und es gibt wieder ein Video.<\/p>\n<p><iframe loading=\"lazy\" src=\"https:\/\/www.youtube.com\/embed\/yitUopKDI0w\" width=\"560\" height=\"315\" frameborder=\"0\" allowfullscreen=\"allowfullscreen\"><\/iframe><\/p>\n","protected":false},"excerpt":{"rendered":"<p>Domingo 05. de Julho 2020 \u2013 nachts \u2191\u219112\u2013 tags \u219134\u00ba \u2013\u00a0 Sonne Vor 3 ein halb Jahren haben wir oben in der Serra do Espinhal einen Traumf\u00e4nger aufgeh\u00e4ngt. Dazu gibt es auch ein Video. F\u00fcr alle, die sich eingebunden hatten, konnten sich f\u00fcr das bevorstehende Jahr\u00a0 sich etwas pers\u00f6nliches w\u00fcnschen. Ein halbes Jahr sp\u00e4ter, am [&hellip;]<\/p>\n","protected":false},"author":1,"featured_media":0,"comment_status":"open","ping_status":"closed","sticky":false,"template":"","format":"standard","meta":{"footnotes":""},"categories":[10],"tags":[],"class_list":["post-16450","post","type-post","status-publish","format-standard","hentry","category-allgemein"],"_links":{"self":[{"href":"https:\/\/goladinha.eu\/blog\/wp-json\/wp\/v2\/posts\/16450","targetHints":{"allow":["GET"]}}],"collection":[{"href":"https:\/\/goladinha.eu\/blog\/wp-json\/wp\/v2\/posts"}],"about":[{"href":"https:\/\/goladinha.eu\/blog\/wp-json\/wp\/v2\/types\/post"}],"author":[{"embeddable":true,"href":"https:\/\/goladinha.eu\/blog\/wp-json\/wp\/v2\/users\/1"}],"replies":[{"embeddable":true,"href":"https:\/\/goladinha.eu\/blog\/wp-json\/wp\/v2\/comments?post=16450"}],"version-history":[{"count":4,"href":"https:\/\/goladinha.eu\/blog\/wp-json\/wp\/v2\/posts\/16450\/revisions"}],"predecessor-version":[{"id":16460,"href":"https:\/\/goladinha.eu\/blog\/wp-json\/wp\/v2\/posts\/16450\/revisions\/16460"}],"wp:attachment":[{"href":"https:\/\/goladinha.eu\/blog\/wp-json\/wp\/v2\/media?parent=16450"}],"wp:term":[{"taxonomy":"category","embeddable":true,"href":"https:\/\/goladinha.eu\/blog\/wp-json\/wp\/v2\/categories?post=16450"},{"taxonomy":"post_tag","embeddable":true,"href":"https:\/\/goladinha.eu\/blog\/wp-json\/wp\/v2\/tags?post=16450"}],"curies":[{"name":"wp","href":"https:\/\/api.w.org\/{rel}","templated":true}]}}