{"id":16359,"date":"2020-06-25T22:06:00","date_gmt":"2020-06-25T21:06:00","guid":{"rendered":"http:\/\/goladinha.eu\/blog\/?p=16359"},"modified":"2020-06-26T12:08:50","modified_gmt":"2020-06-26T11:08:50","slug":"wind-und-wolken","status":"publish","type":"post","link":"https:\/\/goladinha.eu\/blog\/2020\/06\/25\/wind-und-wolken\/","title":{"rendered":"Wind und Wolken"},"content":{"rendered":"<p>Quinta 25. de Junho 2020 \u2013 nachts \u219310 \u2013 tags \u219324\u00ba \u2013 <span style=\"color: #ff6600;\"><strong>Sonne<\/strong><\/span><\/p>\n<p>Wind und Wolken fegten \u00fcber die Serra Espinhal als wir von einer Einkaufstour aus Coimbra zur\u00fcck kamen.<br \/>\nDie Temperatur war gegen\u00fcber der Stadt um 20 Grad gefallen.<\/p>\n<div id=\"attachment_16360\" style=\"width: 510px\" class=\"wp-caption alignnone\"><a href=\"https:\/\/goladinha.eu\/blog\/wp-content\/files\/2020\/06\/serra_nebel__250620.jpg\" target=\"_blank\" rel=\"noopener noreferrer\"><img loading=\"lazy\" decoding=\"async\" aria-describedby=\"caption-attachment-16360\" class=\"wp-image-16360 size-medium\" src=\"https:\/\/goladinha.eu\/blog\/wp-content\/files\/2020\/06\/serra_nebel__250620-500x339.jpg\" alt=\"Wind und Wolken fegen \u00fcber die Serra, K\u00e4lte und Hirsche, Goladinha\" width=\"500\" height=\"339\" srcset=\"https:\/\/goladinha.eu\/blog\/wp-content\/files\/2020\/06\/serra_nebel__250620-500x339.jpg 500w, https:\/\/goladinha.eu\/blog\/wp-content\/files\/2020\/06\/serra_nebel__250620-768x521.jpg 768w, https:\/\/goladinha.eu\/blog\/wp-content\/files\/2020\/06\/serra_nebel__250620-1536x1042.jpg 1536w, https:\/\/goladinha.eu\/blog\/wp-content\/files\/2020\/06\/serra_nebel__250620.jpg 1920w\" sizes=\"auto, (max-width: 500px) 100vw, 500px\" \/><\/a><p id=\"caption-attachment-16360\" class=\"wp-caption-text\">Oben an der Wasserscheide, bevor es wieder kontinuierlich 7 Km bergab nach Goladinha geht. Die schwarzen Wolken hinter uns st\u00fcrzen ins Tal hinab.<\/p><\/div>\n<div id=\"attachment_16362\" style=\"width: 510px\" class=\"wp-caption alignnone\"><a href=\"https:\/\/goladinha.eu\/blog\/wp-content\/files\/2020\/06\/serra_wolken_joao__250620.jpg\"><img loading=\"lazy\" decoding=\"async\" aria-describedby=\"caption-attachment-16362\" class=\"wp-image-16362 size-medium\" src=\"https:\/\/goladinha.eu\/blog\/wp-content\/files\/2020\/06\/serra_wolken_joao__250620-500x338.jpg\" alt=\"Wind und Wolken fegen \u00fcber die Serra, K\u00e4lte und Hirsche, Goladinha\" width=\"500\" height=\"338\" srcset=\"https:\/\/goladinha.eu\/blog\/wp-content\/files\/2020\/06\/serra_wolken_joao__250620-500x338.jpg 500w, https:\/\/goladinha.eu\/blog\/wp-content\/files\/2020\/06\/serra_wolken_joao__250620-150x100.jpg 150w, https:\/\/goladinha.eu\/blog\/wp-content\/files\/2020\/06\/serra_wolken_joao__250620-768x518.jpg 768w, https:\/\/goladinha.eu\/blog\/wp-content\/files\/2020\/06\/serra_wolken_joao__250620.jpg 960w\" sizes=\"auto, (max-width: 500px) 100vw, 500px\" \/><\/a><p id=\"caption-attachment-16362\" class=\"wp-caption-text\">Dieses Foto wurde etwa zur gleichen Zeit von Joao Viola Carvalho, im Tal bei Castanheira de Pera, gemacht &#8211; fantastisch wie die Wolken ins Tal einfallen.<\/p><\/div>\n","protected":false},"excerpt":{"rendered":"<p>Quinta 25. de Junho 2020 \u2013 nachts \u219310 \u2013 tags \u219324\u00ba \u2013 Sonne Wind und Wolken fegten \u00fcber die Serra Espinhal als wir von einer Einkaufstour aus Coimbra zur\u00fcck kamen. Die Temperatur war gegen\u00fcber der Stadt um 20 Grad gefallen.<\/p>\n","protected":false},"author":1,"featured_media":0,"comment_status":"open","ping_status":"closed","sticky":false,"template":"","format":"standard","meta":{"footnotes":""},"categories":[10],"tags":[],"class_list":["post-16359","post","type-post","status-publish","format-standard","hentry","category-allgemein"],"_links":{"self":[{"href":"https:\/\/goladinha.eu\/blog\/wp-json\/wp\/v2\/posts\/16359","targetHints":{"allow":["GET"]}}],"collection":[{"href":"https:\/\/goladinha.eu\/blog\/wp-json\/wp\/v2\/posts"}],"about":[{"href":"https:\/\/goladinha.eu\/blog\/wp-json\/wp\/v2\/types\/post"}],"author":[{"embeddable":true,"href":"https:\/\/goladinha.eu\/blog\/wp-json\/wp\/v2\/users\/1"}],"replies":[{"embeddable":true,"href":"https:\/\/goladinha.eu\/blog\/wp-json\/wp\/v2\/comments?post=16359"}],"version-history":[{"count":10,"href":"https:\/\/goladinha.eu\/blog\/wp-json\/wp\/v2\/posts\/16359\/revisions"}],"predecessor-version":[{"id":16372,"href":"https:\/\/goladinha.eu\/blog\/wp-json\/wp\/v2\/posts\/16359\/revisions\/16372"}],"wp:attachment":[{"href":"https:\/\/goladinha.eu\/blog\/wp-json\/wp\/v2\/media?parent=16359"}],"wp:term":[{"taxonomy":"category","embeddable":true,"href":"https:\/\/goladinha.eu\/blog\/wp-json\/wp\/v2\/categories?post=16359"},{"taxonomy":"post_tag","embeddable":true,"href":"https:\/\/goladinha.eu\/blog\/wp-json\/wp\/v2\/tags?post=16359"}],"curies":[{"name":"wp","href":"https:\/\/api.w.org\/{rel}","templated":true}]}}