{"id":16325,"date":"2020-06-21T20:53:55","date_gmt":"2020-06-21T19:53:55","guid":{"rendered":"http:\/\/goladinha.eu\/blog\/?p=16325"},"modified":"2020-06-21T20:53:55","modified_gmt":"2020-06-21T19:53:55","slug":"muehe-und-sorge","status":"publish","type":"post","link":"https:\/\/goladinha.eu\/blog\/2020\/06\/21\/muehe-und-sorge\/","title":{"rendered":"M\u00fche und Sorge"},"content":{"rendered":"<p>Domingo 21. de Junho 2020 \u2013 nachts \u219110 \u2013 tags \u219125\u00ba \u2013 <span style=\"color: #ff6600;\">Sonne<\/span><\/p>\n<p>Wir hatten grosse M\u00fche mit der Einsch\u00e4tzung der politisch Verantwortlichen nach der weltweiten Wahrnehmung des Virus <b>SARS-CoV-2<\/b>, M\u00fche mit der angstmachenden Art und Weise wie der Lockdown gegen\u00fcber der Bev\u00f6lkerung gerechtfertigt wurde, und M\u00fche mit der nahezu gleichgeschalteten Presse, die alle Skeptiker und Zweifler gnadenlos in die Verschw\u00f6rungstheoretiker-Ecke verbannte.<br \/>\nUnd wir hatten M\u00fche und Sorge mit den Prognosen der Politiker \u00fcber die Dauer der Pandemie und die Ank\u00fcnding einer 2. und gar 3. Welle.<br \/>\nSo schien uns Zur\u00fcckhaltung bei der Bewerbung des, Anfang September in Goladinha stattfindenden, M\u00e4nner-Retreats angebracht zu sein.<\/p>\n<p>Nun hoffen wir, dass sich die Verantwortlichen in Politik und auf dem Gebiet der <span class=\"st\">Virologie und Epidemiologie, anderen Meinungen, Erfahrungen und Wissen <\/span>\u00f6ffnen k\u00f6nnen und sich die Lage bis Anfang September soweit ge\u00e4ndert hat, dass nicht wieder Beschr\u00e4nkungen in den Nationalstaaten und in der EU den Reiseverkehr beeintr\u00e4chtigen.<\/p>\n<p>So sind wir frohen Mutes und laden ein&#8230;<br \/>\nInteressant w\u00e4re eine Vielfalt von Erfahrungen und Meinungen unserer Leserschaft zu diesem Thema &#8211; jede Meinung ist willkommen und wird von uns respektiert.<\/p>\n<div id=\"attachment_16326\" style=\"width: 510px\" class=\"wp-caption alignnone\"><a href=\"https:\/\/goladinha.eu\/blog\/wp-content\/files\/2020\/06\/maenner_retreat__2020.jpg\" target=\"_blank\" rel=\"noopener noreferrer\"><img loading=\"lazy\" decoding=\"async\" aria-describedby=\"caption-attachment-16326\" class=\"wp-image-16326 size-medium\" src=\"https:\/\/goladinha.eu\/blog\/wp-content\/files\/2020\/06\/maenner_retreat__2020-500x339.jpg\" alt=\"M\u00e4nnerretreat , M\u00e4nner, Retreat, Goladinha\" width=\"500\" height=\"339\" srcset=\"https:\/\/goladinha.eu\/blog\/wp-content\/files\/2020\/06\/maenner_retreat__2020-500x339.jpg 500w, https:\/\/goladinha.eu\/blog\/wp-content\/files\/2020\/06\/maenner_retreat__2020-768x520.jpg 768w, https:\/\/goladinha.eu\/blog\/wp-content\/files\/2020\/06\/maenner_retreat__2020-1536x1040.jpg 1536w, https:\/\/goladinha.eu\/blog\/wp-content\/files\/2020\/06\/maenner_retreat__2020.jpg 1920w\" sizes=\"auto, (max-width: 500px) 100vw, 500px\" \/><\/a><p id=\"caption-attachment-16326\" class=\"wp-caption-text\">Infos und Anmeldung:<a href=\"http:\/\/www.maennerinitiation.eu\/\" target=\"_blank\" rel=\"noopener noreferrer\"> www.maennerinitiation.eu<\/a><\/p><\/div>\n<p>&nbsp;<\/p>\n","protected":false},"excerpt":{"rendered":"<p>Domingo 21. de Junho 2020 \u2013 nachts \u219110 \u2013 tags \u219125\u00ba \u2013 Sonne Wir hatten grosse M\u00fche mit der Einsch\u00e4tzung der politisch Verantwortlichen nach der weltweiten Wahrnehmung des Virus SARS-CoV-2, M\u00fche mit der angstmachenden Art und Weise wie der Lockdown gegen\u00fcber der Bev\u00f6lkerung gerechtfertigt wurde, und M\u00fche mit der nahezu gleichgeschalteten Presse, die alle Skeptiker [&hellip;]<\/p>\n","protected":false},"author":1,"featured_media":0,"comment_status":"open","ping_status":"closed","sticky":false,"template":"","format":"standard","meta":{"footnotes":""},"categories":[10],"tags":[],"class_list":["post-16325","post","type-post","status-publish","format-standard","hentry","category-allgemein"],"_links":{"self":[{"href":"https:\/\/goladinha.eu\/blog\/wp-json\/wp\/v2\/posts\/16325","targetHints":{"allow":["GET"]}}],"collection":[{"href":"https:\/\/goladinha.eu\/blog\/wp-json\/wp\/v2\/posts"}],"about":[{"href":"https:\/\/goladinha.eu\/blog\/wp-json\/wp\/v2\/types\/post"}],"author":[{"embeddable":true,"href":"https:\/\/goladinha.eu\/blog\/wp-json\/wp\/v2\/users\/1"}],"replies":[{"embeddable":true,"href":"https:\/\/goladinha.eu\/blog\/wp-json\/wp\/v2\/comments?post=16325"}],"version-history":[{"count":7,"href":"https:\/\/goladinha.eu\/blog\/wp-json\/wp\/v2\/posts\/16325\/revisions"}],"predecessor-version":[{"id":16333,"href":"https:\/\/goladinha.eu\/blog\/wp-json\/wp\/v2\/posts\/16325\/revisions\/16333"}],"wp:attachment":[{"href":"https:\/\/goladinha.eu\/blog\/wp-json\/wp\/v2\/media?parent=16325"}],"wp:term":[{"taxonomy":"category","embeddable":true,"href":"https:\/\/goladinha.eu\/blog\/wp-json\/wp\/v2\/categories?post=16325"},{"taxonomy":"post_tag","embeddable":true,"href":"https:\/\/goladinha.eu\/blog\/wp-json\/wp\/v2\/tags?post=16325"}],"curies":[{"name":"wp","href":"https:\/\/api.w.org\/{rel}","templated":true}]}}