{"id":16246,"date":"2020-06-11T21:43:24","date_gmt":"2020-06-11T20:43:24","guid":{"rendered":"http:\/\/goladinha.eu\/blog\/?p=16246"},"modified":"2020-06-11T21:43:24","modified_gmt":"2020-06-11T20:43:24","slug":"fruehe-fruechte","status":"publish","type":"post","link":"https:\/\/goladinha.eu\/blog\/2020\/06\/11\/fruehe-fruechte\/","title":{"rendered":"fr\u00fche Fr\u00fcchte"},"content":{"rendered":"<p>Quinta 11. de Junho 2020 \u2013 nachts \u2191\u219111 \u2013 tags \u2193\u219317\u00ba \u2013 <span style=\"color: #ff6600;\"><span style=\"color: #808080;\"><strong>Bew\u00f6lkung,<\/strong><\/span><span style=\"color: #0000ff;\"> Nieselregen<\/span> &#8211; zwischendurch minutenweise Sonne<br \/>\n<\/span><\/p>\n<p><a href=\"https:\/\/goladinha.eu\/blog\/2019\/01\/20\/feigen-und-agaven\/\" target=\"_blank\" rel=\"noopener noreferrer\">Im Januar 2019<\/a> haben wir 3 Feigenb\u00e4ume gepflanzt &#8211; es war ein Geburtstagsgeschenk. Einer der mannshohen B\u00e4umchen hatte schon zeitig in diesem Fr\u00fchjahr genau 33 Fr\u00fcchte angesetzt. Die meisten davon haben mittlerweile die typische lila F\u00e4rbung, was auf einen hohen Reifegrad hindeutet. Aber irgend etwas stimmt nicht.<\/p>\n<div id=\"attachment_16247\" style=\"width: 510px\" class=\"wp-caption alignnone\"><a href=\"https:\/\/goladinha.eu\/blog\/wp-content\/files\/2020\/06\/feigen_frueh1__110620.jpg\" target=\"_blank\" rel=\"noopener noreferrer\"><img loading=\"lazy\" decoding=\"async\" aria-describedby=\"caption-attachment-16247\" class=\"wp-image-16247 size-medium\" src=\"https:\/\/goladinha.eu\/blog\/wp-content\/files\/2020\/06\/feigen_frueh1__110620-500x340.jpg\" alt=\"fr\u00fche Fr\u00fcchte, Geburtstagsfeigenbaum, trockene Fr\u00fcchte, Goladinha\" width=\"500\" height=\"340\" srcset=\"https:\/\/goladinha.eu\/blog\/wp-content\/files\/2020\/06\/feigen_frueh1__110620-500x340.jpg 500w, https:\/\/goladinha.eu\/blog\/wp-content\/files\/2020\/06\/feigen_frueh1__110620-768x522.jpg 768w, https:\/\/goladinha.eu\/blog\/wp-content\/files\/2020\/06\/feigen_frueh1__110620-1536x1043.jpg 1536w, https:\/\/goladinha.eu\/blog\/wp-content\/files\/2020\/06\/feigen_frueh1__110620.jpg 1920w\" sizes=\"auto, (max-width: 500px) 100vw, 500px\" \/><\/a><p id=\"caption-attachment-16247\" class=\"wp-caption-text\">Die Bl\u00e4tter des Baumes haben zwar eine kr\u00e4ftige Farbe und sind gut gen\u00e4hrt.<\/p><\/div>\n<div id=\"attachment_16248\" style=\"width: 510px\" class=\"wp-caption alignnone\"><a href=\"https:\/\/goladinha.eu\/blog\/wp-content\/files\/2020\/06\/feigen_frueh2__110620.jpg\" target=\"_blank\" rel=\"noopener noreferrer\"><img loading=\"lazy\" decoding=\"async\" aria-describedby=\"caption-attachment-16248\" class=\"wp-image-16248 size-medium\" src=\"https:\/\/goladinha.eu\/blog\/wp-content\/files\/2020\/06\/feigen_frueh2__110620-500x340.jpg\" alt=\"fr\u00fche Fr\u00fcchte, Geburtstagsfeigenbaum, trockene Fr\u00fcchte, Goladinha\" width=\"500\" height=\"340\" srcset=\"https:\/\/goladinha.eu\/blog\/wp-content\/files\/2020\/06\/feigen_frueh2__110620-500x340.jpg 500w, https:\/\/goladinha.eu\/blog\/wp-content\/files\/2020\/06\/feigen_frueh2__110620-768x522.jpg 768w, https:\/\/goladinha.eu\/blog\/wp-content\/files\/2020\/06\/feigen_frueh2__110620-1536x1045.jpg 1536w, https:\/\/goladinha.eu\/blog\/wp-content\/files\/2020\/06\/feigen_frueh2__110620.jpg 1920w\" sizes=\"auto, (max-width: 500px) 100vw, 500px\" \/><\/a><p id=\"caption-attachment-16248\" class=\"wp-caption-text\">Die Fr\u00fcchte allerdings sind am vertrocknen und schmecken kein bisschen s\u00fcss.<\/p><\/div>\n","protected":false},"excerpt":{"rendered":"<p>Quinta 11. de Junho 2020 \u2013 nachts \u2191\u219111 \u2013 tags \u2193\u219317\u00ba \u2013 Bew\u00f6lkung, Nieselregen &#8211; zwischendurch minutenweise Sonne Im Januar 2019 haben wir 3 Feigenb\u00e4ume gepflanzt &#8211; es war ein Geburtstagsgeschenk. Einer der mannshohen B\u00e4umchen hatte schon zeitig in diesem Fr\u00fchjahr genau 33 Fr\u00fcchte angesetzt. Die meisten davon haben mittlerweile die typische lila F\u00e4rbung, was [&hellip;]<\/p>\n","protected":false},"author":1,"featured_media":0,"comment_status":"open","ping_status":"closed","sticky":false,"template":"","format":"standard","meta":{"footnotes":""},"categories":[10],"tags":[],"class_list":["post-16246","post","type-post","status-publish","format-standard","hentry","category-allgemein"],"_links":{"self":[{"href":"https:\/\/goladinha.eu\/blog\/wp-json\/wp\/v2\/posts\/16246","targetHints":{"allow":["GET"]}}],"collection":[{"href":"https:\/\/goladinha.eu\/blog\/wp-json\/wp\/v2\/posts"}],"about":[{"href":"https:\/\/goladinha.eu\/blog\/wp-json\/wp\/v2\/types\/post"}],"author":[{"embeddable":true,"href":"https:\/\/goladinha.eu\/blog\/wp-json\/wp\/v2\/users\/1"}],"replies":[{"embeddable":true,"href":"https:\/\/goladinha.eu\/blog\/wp-json\/wp\/v2\/comments?post=16246"}],"version-history":[{"count":3,"href":"https:\/\/goladinha.eu\/blog\/wp-json\/wp\/v2\/posts\/16246\/revisions"}],"predecessor-version":[{"id":16251,"href":"https:\/\/goladinha.eu\/blog\/wp-json\/wp\/v2\/posts\/16246\/revisions\/16251"}],"wp:attachment":[{"href":"https:\/\/goladinha.eu\/blog\/wp-json\/wp\/v2\/media?parent=16246"}],"wp:term":[{"taxonomy":"category","embeddable":true,"href":"https:\/\/goladinha.eu\/blog\/wp-json\/wp\/v2\/categories?post=16246"},{"taxonomy":"post_tag","embeddable":true,"href":"https:\/\/goladinha.eu\/blog\/wp-json\/wp\/v2\/tags?post=16246"}],"curies":[{"name":"wp","href":"https:\/\/api.w.org\/{rel}","templated":true}]}}