{"id":16218,"date":"2020-06-07T20:44:26","date_gmt":"2020-06-07T19:44:26","guid":{"rendered":"http:\/\/goladinha.eu\/blog\/?p=16218"},"modified":"2020-06-07T20:47:56","modified_gmt":"2020-06-07T19:47:56","slug":"horta-3","status":"publish","type":"post","link":"https:\/\/goladinha.eu\/blog\/2020\/06\/07\/horta-3\/","title":{"rendered":"Horta 3"},"content":{"rendered":"<p>Domingo 07. de Junho 2020 \u2013 nachts \u2193\u21918 \u2013 tags \u219318\u00ba \u2013 f\u00fcr die Jahreszeit zu kalt &#8211;\u00a0 <span style=\"color: #808080;\">Bew\u00f6lkung<\/span> und <span style=\"color: #ff6600;\">ein bisschen Sonne<\/span><\/p>\n<p>Vor einem Monat haben wir das Land f\u00fcr unseren Gem\u00fcsegarten bereitet und am<a href=\"https:\/\/goladinha.eu\/blog\/2020\/05\/10\/muttertag\/\" target=\"_blank\" rel=\"noopener noreferrer\"> 10. Mai\u00a0 mit den ersten Pflanzungen begonnen.<\/a><br \/>\nTrotz Unkrautmangement und regelm\u00e4ssiger Bew\u00e4sserung haben sich die Pflanzen nicht viel bewegt. Im Moment ist es allerdings auch aussergew\u00f6hnlich kalt &#8211; vermutlich handelt es sich um die ber\u00fchmte <a href=\"https:\/\/de.wikipedia.org\/wiki\/Schafsk%C3%A4lte\" target=\"_blank\" rel=\"noopener noreferrer\">Schafsk\u00e4lte<\/a>.<br \/>\nDie sp\u00e4tgepflanzten Bohnen haben ihre <a href=\"https:\/\/goladinha.eu\/blog\/2020\/06\/04\/bohnenstangen\/\" target=\"_blank\" rel=\"noopener noreferrer\">Stangen<\/a> schon entdeckt und ranken sich in die H\u00f6he.<\/p>\n<div id=\"attachment_16219\" style=\"width: 510px\" class=\"wp-caption alignnone\"><a href=\"https:\/\/goladinha.eu\/blog\/wp-content\/files\/2020\/06\/garten_anbau__070620.jpg\" target=\"_blank\" rel=\"noopener noreferrer\"><img loading=\"lazy\" decoding=\"async\" aria-describedby=\"caption-attachment-16219\" class=\"wp-image-16219 size-medium\" src=\"https:\/\/goladinha.eu\/blog\/wp-content\/files\/2020\/06\/garten_anbau__070620-500x337.jpg\" alt=\"Garten, Horta, Gem\u00fcseanbau, Goladinha\" width=\"500\" height=\"337\" srcset=\"https:\/\/goladinha.eu\/blog\/wp-content\/files\/2020\/06\/garten_anbau__070620-500x337.jpg 500w, https:\/\/goladinha.eu\/blog\/wp-content\/files\/2020\/06\/garten_anbau__070620-150x100.jpg 150w, https:\/\/goladinha.eu\/blog\/wp-content\/files\/2020\/06\/garten_anbau__070620-768x517.jpg 768w, https:\/\/goladinha.eu\/blog\/wp-content\/files\/2020\/06\/garten_anbau__070620-1536x1034.jpg 1536w, https:\/\/goladinha.eu\/blog\/wp-content\/files\/2020\/06\/garten_anbau__070620.jpg 1920w\" sizes=\"auto, (max-width: 500px) 100vw, 500px\" \/><\/a><p id=\"caption-attachment-16219\" class=\"wp-caption-text\">Unsere Anbautaktik ist, Einzelbew\u00e4sserung der Pflanzen und regelm\u00e4ssiges Aufhacken des Umfeldes um die unerw\u00fcnschten Beikr\u00e4uter nicht aufkommen zu lassen und um die Verdunstunstungsrate durch Zerst\u00f6rung der Kapilarwirkung zu reduzieren. \ud83d\ude09<\/p><\/div>\n<p>&nbsp;<\/p>\n","protected":false},"excerpt":{"rendered":"<p>Domingo 07. de Junho 2020 \u2013 nachts \u2193\u21918 \u2013 tags \u219318\u00ba \u2013 f\u00fcr die Jahreszeit zu kalt &#8211;\u00a0 Bew\u00f6lkung und ein bisschen Sonne Vor einem Monat haben wir das Land f\u00fcr unseren Gem\u00fcsegarten bereitet und am 10. Mai\u00a0 mit den ersten Pflanzungen begonnen. Trotz Unkrautmangement und regelm\u00e4ssiger Bew\u00e4sserung haben sich die Pflanzen nicht viel bewegt. [&hellip;]<\/p>\n","protected":false},"author":1,"featured_media":0,"comment_status":"open","ping_status":"closed","sticky":false,"template":"","format":"standard","meta":{"footnotes":""},"categories":[10],"tags":[],"class_list":["post-16218","post","type-post","status-publish","format-standard","hentry","category-allgemein"],"_links":{"self":[{"href":"https:\/\/goladinha.eu\/blog\/wp-json\/wp\/v2\/posts\/16218","targetHints":{"allow":["GET"]}}],"collection":[{"href":"https:\/\/goladinha.eu\/blog\/wp-json\/wp\/v2\/posts"}],"about":[{"href":"https:\/\/goladinha.eu\/blog\/wp-json\/wp\/v2\/types\/post"}],"author":[{"embeddable":true,"href":"https:\/\/goladinha.eu\/blog\/wp-json\/wp\/v2\/users\/1"}],"replies":[{"embeddable":true,"href":"https:\/\/goladinha.eu\/blog\/wp-json\/wp\/v2\/comments?post=16218"}],"version-history":[{"count":7,"href":"https:\/\/goladinha.eu\/blog\/wp-json\/wp\/v2\/posts\/16218\/revisions"}],"predecessor-version":[{"id":16226,"href":"https:\/\/goladinha.eu\/blog\/wp-json\/wp\/v2\/posts\/16218\/revisions\/16226"}],"wp:attachment":[{"href":"https:\/\/goladinha.eu\/blog\/wp-json\/wp\/v2\/media?parent=16218"}],"wp:term":[{"taxonomy":"category","embeddable":true,"href":"https:\/\/goladinha.eu\/blog\/wp-json\/wp\/v2\/categories?post=16218"},{"taxonomy":"post_tag","embeddable":true,"href":"https:\/\/goladinha.eu\/blog\/wp-json\/wp\/v2\/tags?post=16218"}],"curies":[{"name":"wp","href":"https:\/\/api.w.org\/{rel}","templated":true}]}}