{"id":16205,"date":"2020-06-05T18:41:32","date_gmt":"2020-06-05T17:41:32","guid":{"rendered":"http:\/\/goladinha.eu\/blog\/?p=16205"},"modified":"2020-06-05T18:41:32","modified_gmt":"2020-06-05T17:41:32","slug":"der-mond-ist-aufgegangen","status":"publish","type":"post","link":"https:\/\/goladinha.eu\/blog\/2020\/06\/05\/der-mond-ist-aufgegangen\/","title":{"rendered":"Der Mond ist aufgegangen"},"content":{"rendered":"<p>Seixta-feira 05. de Junho 2020 \u2013 nachts \u21938 \u2013 tags \u2193\u219121\u00ba \u2013\u00a0 <span style=\"color: #808080;\">Bew\u00f6lkung<\/span> und <span style=\"color: #ff6600;\">Sonne<\/span> im Wechsel<\/p>\n<p>Der Juni-Vollmond 2020 ist aufgegangen &#8211; gleichzeitig mit der untergehenden Sonne.<br \/>\n<a href=\"https:\/\/de.wikipedia.org\/wiki\/Joan_Baez\" target=\"_blank\" rel=\"noopener noreferrer\">Joan Baez<\/a>, eine US-amerikanische Folks\u00e4ngerin und -Gitarristin, B\u00fcrgerrechtlerin und Pazifistin, die ab Ende der 1950er Jahre vor allem durch ihre klare Gesangsstimme und ihr politisches Engagement gegen den Vietnamkrieg und die Rassentrennung bekannt geworden ist, singt seit Jahrzehnten das deutsche Volkslied &#8211; Der Mond ist augegangen.<br \/>\nHier eine<a href=\"https:\/\/www.youtube.com\/watch?v=ftdSzTvfkPU\" target=\"_blank\" rel=\"noopener noreferrer\"> aktuelle Version<\/a> anl\u00e4sslich der &#8222;Corona-Pandemie&#8220;.<\/p>\n<div id=\"attachment_16206\" style=\"width: 510px\" class=\"wp-caption alignnone\"><a href=\"https:\/\/goladinha.eu\/blog\/wp-content\/files\/2020\/06\/vollmond_serra__050620.jpg\" target=\"_blank\" rel=\"noopener noreferrer\"><img loading=\"lazy\" decoding=\"async\" aria-describedby=\"caption-attachment-16206\" class=\"wp-image-16206 size-medium\" src=\"https:\/\/goladinha.eu\/blog\/wp-content\/files\/2020\/06\/vollmond_serra__050620-500x337.jpg\" alt=\"Super Vollmond, Freitag * 5. Juni 2020 * 21:12:23 Uhr, Serra, Portugal, Goladinha\" width=\"500\" height=\"337\" srcset=\"https:\/\/goladinha.eu\/blog\/wp-content\/files\/2020\/06\/vollmond_serra__050620-500x337.jpg 500w, https:\/\/goladinha.eu\/blog\/wp-content\/files\/2020\/06\/vollmond_serra__050620-150x100.jpg 150w, https:\/\/goladinha.eu\/blog\/wp-content\/files\/2020\/06\/vollmond_serra__050620-768x518.jpg 768w, https:\/\/goladinha.eu\/blog\/wp-content\/files\/2020\/06\/vollmond_serra__050620-1536x1036.jpg 1536w, https:\/\/goladinha.eu\/blog\/wp-content\/files\/2020\/06\/vollmond_serra__050620.jpg 1920w\" sizes=\"auto, (max-width: 500px) 100vw, 500px\" \/><\/a><p id=\"caption-attachment-16206\" class=\"wp-caption-text\">Beim \u00dcberqueren der Serra da Lous\u00e3 schien uns die Sonne in den R\u00fccken und der Mond begr\u00fcsste uns von vorne.<\/p><\/div>\n","protected":false},"excerpt":{"rendered":"<p>Seixta-feira 05. de Junho 2020 \u2013 nachts \u21938 \u2013 tags \u2193\u219121\u00ba \u2013\u00a0 Bew\u00f6lkung und Sonne im Wechsel Der Juni-Vollmond 2020 ist aufgegangen &#8211; gleichzeitig mit der untergehenden Sonne. Joan Baez, eine US-amerikanische Folks\u00e4ngerin und -Gitarristin, B\u00fcrgerrechtlerin und Pazifistin, die ab Ende der 1950er Jahre vor allem durch ihre klare Gesangsstimme und ihr politisches Engagement gegen [&hellip;]<\/p>\n","protected":false},"author":1,"featured_media":0,"comment_status":"open","ping_status":"closed","sticky":false,"template":"","format":"standard","meta":{"footnotes":""},"categories":[10],"tags":[],"class_list":["post-16205","post","type-post","status-publish","format-standard","hentry","category-allgemein"],"_links":{"self":[{"href":"https:\/\/goladinha.eu\/blog\/wp-json\/wp\/v2\/posts\/16205","targetHints":{"allow":["GET"]}}],"collection":[{"href":"https:\/\/goladinha.eu\/blog\/wp-json\/wp\/v2\/posts"}],"about":[{"href":"https:\/\/goladinha.eu\/blog\/wp-json\/wp\/v2\/types\/post"}],"author":[{"embeddable":true,"href":"https:\/\/goladinha.eu\/blog\/wp-json\/wp\/v2\/users\/1"}],"replies":[{"embeddable":true,"href":"https:\/\/goladinha.eu\/blog\/wp-json\/wp\/v2\/comments?post=16205"}],"version-history":[{"count":3,"href":"https:\/\/goladinha.eu\/blog\/wp-json\/wp\/v2\/posts\/16205\/revisions"}],"predecessor-version":[{"id":16209,"href":"https:\/\/goladinha.eu\/blog\/wp-json\/wp\/v2\/posts\/16205\/revisions\/16209"}],"wp:attachment":[{"href":"https:\/\/goladinha.eu\/blog\/wp-json\/wp\/v2\/media?parent=16205"}],"wp:term":[{"taxonomy":"category","embeddable":true,"href":"https:\/\/goladinha.eu\/blog\/wp-json\/wp\/v2\/categories?post=16205"},{"taxonomy":"post_tag","embeddable":true,"href":"https:\/\/goladinha.eu\/blog\/wp-json\/wp\/v2\/tags?post=16205"}],"curies":[{"name":"wp","href":"https:\/\/api.w.org\/{rel}","templated":true}]}}