{"id":15880,"date":"2020-04-20T22:04:41","date_gmt":"2020-04-20T21:04:41","guid":{"rendered":"http:\/\/goladinha.eu\/blog\/?p=15880"},"modified":"2020-04-20T22:52:29","modified_gmt":"2020-04-20T21:52:29","slug":"mascaras-cirurgicas","status":"publish","type":"post","link":"https:\/\/goladinha.eu\/blog\/2020\/04\/20\/mascaras-cirurgicas\/","title":{"rendered":"m\u00e1scaras cir\u00fargicas"},"content":{"rendered":"<p>Segunda 20 de Abril 2020 \u2013 nachts \u2191\u21938\u00ba \u2013 tags\u219314\u00ba<strong> \u2013 <\/strong><span style=\"color: #808080;\">Bew\u00f6lkung, <span style=\"color: #0000ff;\">14 L\/m\u00b2 Regen<\/span>, <span style=\"color: #ff6600;\">wenig Sonne<\/span><\/span><strong><br \/>\n<\/strong><\/p>\n<p>Der portugiesische Pr\u00e4sident hat wegen der Corona-Pandemie den Ausnahmezustand zum 2. mal verl\u00e4ngert.<br \/>\nEr gilt nun bis 2. Mai 2020<br \/>\nIn Deutschland wurden in den meisten Bundesl\u00e4ndern die Einschr\u00e4nkungen zum Teil gelockert. U.a. d\u00fcrfen Verkaufsl\u00e4den bis 800 m\u00b2 wieder \u00f6ffnen &#8211; der Lockdown bleibt im Wesentlichen aber bestehen.<a href=\"https:\/\/goladinha.eu\/blog\/wp-content\/files\/2020\/04\/masken_fdv__200420.jpg\" target=\"_blank\" rel=\"noopener noreferrer\"><img loading=\"lazy\" decoding=\"async\" class=\"wp-image-15882 size-medium\" src=\"https:\/\/goladinha.eu\/blog\/wp-content\/files\/2020\/04\/masken_fdv__200420-500x271.jpg\" alt=\"Figueiro dos Vinhos verteilt kostenlos Masken, Gesch\u00e4fte und \u00c4mter, Goladinha\" width=\"500\" height=\"271\" srcset=\"https:\/\/goladinha.eu\/blog\/wp-content\/files\/2020\/04\/masken_fdv__200420-500x271.jpg 500w, https:\/\/goladinha.eu\/blog\/wp-content\/files\/2020\/04\/masken_fdv__200420-768x416.jpg 768w, https:\/\/goladinha.eu\/blog\/wp-content\/files\/2020\/04\/masken_fdv__200420.jpg 1200w\" sizes=\"auto, (max-width: 500px) 100vw, 500px\" \/><\/a><br \/>\nDie Stadt Figueiro dos Vinhos verteilt mittlerweile Chirurgische Masken (m\u00e1scaras cir\u00fargicas) kostenlos an alle Gesch\u00e4fte die ge\u00f6ffnet haben d\u00fcrfen.<\/p>\n","protected":false},"excerpt":{"rendered":"<p>Segunda 20 de Abril 2020 \u2013 nachts \u2191\u21938\u00ba \u2013 tags\u219314\u00ba \u2013 Bew\u00f6lkung, 14 L\/m\u00b2 Regen, wenig Sonne Der portugiesische Pr\u00e4sident hat wegen der Corona-Pandemie den Ausnahmezustand zum 2. mal verl\u00e4ngert. Er gilt nun bis 2. Mai 2020 In Deutschland wurden in den meisten Bundesl\u00e4ndern die Einschr\u00e4nkungen zum Teil gelockert. U.a. d\u00fcrfen Verkaufsl\u00e4den bis 800 m\u00b2 [&hellip;]<\/p>\n","protected":false},"author":1,"featured_media":0,"comment_status":"open","ping_status":"closed","sticky":false,"template":"","format":"standard","meta":{"footnotes":""},"categories":[10],"tags":[],"class_list":["post-15880","post","type-post","status-publish","format-standard","hentry","category-allgemein"],"_links":{"self":[{"href":"https:\/\/goladinha.eu\/blog\/wp-json\/wp\/v2\/posts\/15880","targetHints":{"allow":["GET"]}}],"collection":[{"href":"https:\/\/goladinha.eu\/blog\/wp-json\/wp\/v2\/posts"}],"about":[{"href":"https:\/\/goladinha.eu\/blog\/wp-json\/wp\/v2\/types\/post"}],"author":[{"embeddable":true,"href":"https:\/\/goladinha.eu\/blog\/wp-json\/wp\/v2\/users\/1"}],"replies":[{"embeddable":true,"href":"https:\/\/goladinha.eu\/blog\/wp-json\/wp\/v2\/comments?post=15880"}],"version-history":[{"count":6,"href":"https:\/\/goladinha.eu\/blog\/wp-json\/wp\/v2\/posts\/15880\/revisions"}],"predecessor-version":[{"id":15887,"href":"https:\/\/goladinha.eu\/blog\/wp-json\/wp\/v2\/posts\/15880\/revisions\/15887"}],"wp:attachment":[{"href":"https:\/\/goladinha.eu\/blog\/wp-json\/wp\/v2\/media?parent=15880"}],"wp:term":[{"taxonomy":"category","embeddable":true,"href":"https:\/\/goladinha.eu\/blog\/wp-json\/wp\/v2\/categories?post=15880"},{"taxonomy":"post_tag","embeddable":true,"href":"https:\/\/goladinha.eu\/blog\/wp-json\/wp\/v2\/tags?post=15880"}],"curies":[{"name":"wp","href":"https:\/\/api.w.org\/{rel}","templated":true}]}}