{"id":15744,"date":"2020-04-01T22:59:54","date_gmt":"2020-04-01T21:59:54","guid":{"rendered":"http:\/\/goladinha.eu\/blog\/?p=15744"},"modified":"2020-04-02T20:03:19","modified_gmt":"2020-04-02T19:03:19","slug":"die-koepfe-auf-den-saeulen","status":"publish","type":"post","link":"https:\/\/goladinha.eu\/blog\/2020\/04\/01\/die-koepfe-auf-den-saeulen\/","title":{"rendered":"Die K\u00f6pfe auf den S\u00e4ulen"},"content":{"rendered":"<p>Quarta 01 de Abril 2020 \u2013 nachts \u21933\u00ba \u2013 tags \u219112\u00ba \u2013 <strong>Bew\u00f6lkung <\/strong>\u2013 <span style=\"color: #0000ff;\">teilweise etwas Regen<\/span><\/p>\n<p>Das Gel\u00e4nder der G\u00e4steterrasse war<a href=\"https:\/\/goladinha.eu\/blog\/2019\/06\/14\/fertig-fast\/\" target=\"_blank\" rel=\"noopener noreferrer\"> im Juni 2019 &#8222;soweit&#8220; fertig<\/a>.<br \/>\nEs fehlten aber noch etliche&#8220;K\u00f6pfe&#8220; auf den S\u00e4ulen.<br \/>\nDrei davon haben wir nun vollendet &#8211; GUT DING WILL WEILE HABEN<\/p>\n<div id=\"attachment_15746\" style=\"width: 510px\" class=\"wp-caption alignnone\"><a href=\"https:\/\/goladinha.eu\/blog\/wp-content\/files\/2020\/04\/terrasse_gelaender__010420.jpg\" target=\"_blank\" rel=\"noopener noreferrer\"><img loading=\"lazy\" decoding=\"async\" aria-describedby=\"caption-attachment-15746\" class=\"wp-image-15746 size-medium\" src=\"https:\/\/goladinha.eu\/blog\/wp-content\/files\/2020\/04\/terrasse_gelaender__010420-500x340.jpg\" alt=\"Terrasse, G\u00e4ste, Gel\u00e4nder, K\u00f6pfe, Abschluss, Goladinha\" width=\"500\" height=\"340\" srcset=\"https:\/\/goladinha.eu\/blog\/wp-content\/files\/2020\/04\/terrasse_gelaender__010420-500x340.jpg 500w, https:\/\/goladinha.eu\/blog\/wp-content\/files\/2020\/04\/terrasse_gelaender__010420-768x522.jpg 768w, https:\/\/goladinha.eu\/blog\/wp-content\/files\/2020\/04\/terrasse_gelaender__010420-1536x1043.jpg 1536w, https:\/\/goladinha.eu\/blog\/wp-content\/files\/2020\/04\/terrasse_gelaender__010420.jpg 1920w\" sizes=\"auto, (max-width: 500px) 100vw, 500px\" \/><\/a><p id=\"caption-attachment-15746\" class=\"wp-caption-text\">Das Provisorium seit Juni 2019<\/p><\/div>\n<div id=\"attachment_15748\" style=\"width: 510px\" class=\"wp-caption alignnone\"><a href=\"https:\/\/goladinha.eu\/blog\/wp-content\/files\/2020\/04\/terrasse_gelaender4__010420.jpg\" target=\"_blank\" rel=\"noopener noreferrer\"><img loading=\"lazy\" decoding=\"async\" aria-describedby=\"caption-attachment-15748\" class=\"wp-image-15748 size-medium\" src=\"https:\/\/goladinha.eu\/blog\/wp-content\/files\/2020\/04\/terrasse_gelaender4__010420-500x340.jpg\" alt=\"Terrasse, G\u00e4ste, Gel\u00e4nder, K\u00f6pfe, Abschluss, Goladinha\" width=\"500\" height=\"340\" srcset=\"https:\/\/goladinha.eu\/blog\/wp-content\/files\/2020\/04\/terrasse_gelaender4__010420-500x340.jpg 500w, https:\/\/goladinha.eu\/blog\/wp-content\/files\/2020\/04\/terrasse_gelaender4__010420-768x522.jpg 768w, https:\/\/goladinha.eu\/blog\/wp-content\/files\/2020\/04\/terrasse_gelaender4__010420-1536x1043.jpg 1536w, https:\/\/goladinha.eu\/blog\/wp-content\/files\/2020\/04\/terrasse_gelaender4__010420.jpg 1920w\" sizes=\"auto, (max-width: 500px) 100vw, 500px\" \/><\/a><p id=\"caption-attachment-15748\" class=\"wp-caption-text\">Die Vollendung ab M\u00e4rz 2020<\/p><\/div>\n<div id=\"attachment_15747\" style=\"width: 510px\" class=\"wp-caption alignnone\"><a href=\"https:\/\/goladinha.eu\/blog\/wp-content\/files\/2020\/04\/terrasse_gelaender3__010420.jpg\" target=\"_blank\" rel=\"noopener noreferrer\"><img loading=\"lazy\" decoding=\"async\" aria-describedby=\"caption-attachment-15747\" class=\"wp-image-15747 size-medium\" src=\"https:\/\/goladinha.eu\/blog\/wp-content\/files\/2020\/04\/terrasse_gelaender3__010420-500x341.jpg\" alt=\"Terrasse, G\u00e4ste, Gel\u00e4nder, K\u00f6pfe, Abschluss, Goladinha\" width=\"500\" height=\"341\" srcset=\"https:\/\/goladinha.eu\/blog\/wp-content\/files\/2020\/04\/terrasse_gelaender3__010420-500x341.jpg 500w, https:\/\/goladinha.eu\/blog\/wp-content\/files\/2020\/04\/terrasse_gelaender3__010420-768x524.jpg 768w, https:\/\/goladinha.eu\/blog\/wp-content\/files\/2020\/04\/terrasse_gelaender3__010420-1536x1047.jpg 1536w, https:\/\/goladinha.eu\/blog\/wp-content\/files\/2020\/04\/terrasse_gelaender3__010420.jpg 1920w\" sizes=\"auto, (max-width: 500px) 100vw, 500px\" \/><\/a><p id=\"caption-attachment-15747\" class=\"wp-caption-text\">Detailansicht<\/p><\/div>\n<p>&nbsp;<\/p>\n","protected":false},"excerpt":{"rendered":"<p>Quarta 01 de Abril 2020 \u2013 nachts \u21933\u00ba \u2013 tags \u219112\u00ba \u2013 Bew\u00f6lkung \u2013 teilweise etwas Regen Das Gel\u00e4nder der G\u00e4steterrasse war im Juni 2019 &#8222;soweit&#8220; fertig. Es fehlten aber noch etliche&#8220;K\u00f6pfe&#8220; auf den S\u00e4ulen. Drei davon haben wir nun vollendet &#8211; GUT DING WILL WEILE HABEN &nbsp;<\/p>\n","protected":false},"author":1,"featured_media":0,"comment_status":"open","ping_status":"closed","sticky":false,"template":"","format":"standard","meta":{"footnotes":""},"categories":[10],"tags":[],"class_list":["post-15744","post","type-post","status-publish","format-standard","hentry","category-allgemein"],"_links":{"self":[{"href":"https:\/\/goladinha.eu\/blog\/wp-json\/wp\/v2\/posts\/15744","targetHints":{"allow":["GET"]}}],"collection":[{"href":"https:\/\/goladinha.eu\/blog\/wp-json\/wp\/v2\/posts"}],"about":[{"href":"https:\/\/goladinha.eu\/blog\/wp-json\/wp\/v2\/types\/post"}],"author":[{"embeddable":true,"href":"https:\/\/goladinha.eu\/blog\/wp-json\/wp\/v2\/users\/1"}],"replies":[{"embeddable":true,"href":"https:\/\/goladinha.eu\/blog\/wp-json\/wp\/v2\/comments?post=15744"}],"version-history":[{"count":5,"href":"https:\/\/goladinha.eu\/blog\/wp-json\/wp\/v2\/posts\/15744\/revisions"}],"predecessor-version":[{"id":15752,"href":"https:\/\/goladinha.eu\/blog\/wp-json\/wp\/v2\/posts\/15744\/revisions\/15752"}],"wp:attachment":[{"href":"https:\/\/goladinha.eu\/blog\/wp-json\/wp\/v2\/media?parent=15744"}],"wp:term":[{"taxonomy":"category","embeddable":true,"href":"https:\/\/goladinha.eu\/blog\/wp-json\/wp\/v2\/categories?post=15744"},{"taxonomy":"post_tag","embeddable":true,"href":"https:\/\/goladinha.eu\/blog\/wp-json\/wp\/v2\/tags?post=15744"}],"curies":[{"name":"wp","href":"https:\/\/api.w.org\/{rel}","templated":true}]}}