{"id":15452,"date":"2020-02-23T15:04:44","date_gmt":"2020-02-23T15:04:44","guid":{"rendered":"http:\/\/goladinha.eu\/blog\/?p=15452"},"modified":"2020-02-23T15:12:41","modified_gmt":"2020-02-23T15:12:41","slug":"carnaval-5","status":"publish","type":"post","link":"https:\/\/goladinha.eu\/blog\/2020\/02\/23\/carnaval-5\/","title":{"rendered":"Carnaval gelaufen"},"content":{"rendered":"<p>Domingo 23 de Fevreiro 2020 \u2013 nachts 2\u00ba, tags 21\u00ba \u2013 <span style=\"color: #ff6600;\">11 h<\/span> <strong><span style=\"color: #ff6600;\">Sonne<\/span><\/strong><\/p>\n<p>Die Faschingszeit hat auch in Portugal diese Tage Hochkonjunktur. Nicht nur in St\u00e4dten, auch in Marktgemeinden und den meisten D\u00f6rfern geht es hoch her.<\/p>\n<div id=\"attachment_15453\" style=\"width: 510px\" class=\"wp-caption alignnone\"><a href=\"https:\/\/goladinha.eu\/blog\/wp-content\/files\/2020\/02\/carnaval_vila_facaia_230220-scaled.jpg\" target=\"_blank\" rel=\"noopener noreferrer\"><img loading=\"lazy\" decoding=\"async\" aria-describedby=\"caption-attachment-15453\" class=\"wp-image-15453 size-medium\" src=\"https:\/\/goladinha.eu\/blog\/wp-content\/files\/2020\/02\/carnaval_vila_facaia_230220-500x349.jpg\" alt=\"Carnaval, Fasching, n\u00e4rrische Zeit, Vila Facaia, Goladinha\" width=\"500\" height=\"349\" srcset=\"https:\/\/goladinha.eu\/blog\/wp-content\/files\/2020\/02\/carnaval_vila_facaia_230220-500x349.jpg 500w, https:\/\/goladinha.eu\/blog\/wp-content\/files\/2020\/02\/carnaval_vila_facaia_230220-1892x1320.jpg 1892w, https:\/\/goladinha.eu\/blog\/wp-content\/files\/2020\/02\/carnaval_vila_facaia_230220-768x536.jpg 768w, https:\/\/goladinha.eu\/blog\/wp-content\/files\/2020\/02\/carnaval_vila_facaia_230220-1536x1071.jpg 1536w, https:\/\/goladinha.eu\/blog\/wp-content\/files\/2020\/02\/carnaval_vila_facaia_230220-2048x1429.jpg 2048w\" sizes=\"auto, (max-width: 500px) 100vw, 500px\" \/><\/a><p id=\"caption-attachment-15453\" class=\"wp-caption-text\">F\u00fcr einer der beiden Senhores d\u00fcrfte hier in Vila Facaia allerdings die n\u00e4rrische Zeit schon gelaufen sein &#8211; zumindest heute.<\/p><\/div>\n","protected":false},"excerpt":{"rendered":"<p>Domingo 23 de Fevreiro 2020 \u2013 nachts 2\u00ba, tags 21\u00ba \u2013 11 h Sonne Die Faschingszeit hat auch in Portugal diese Tage Hochkonjunktur. Nicht nur in St\u00e4dten, auch in Marktgemeinden und den meisten D\u00f6rfern geht es hoch her.<\/p>\n","protected":false},"author":1,"featured_media":0,"comment_status":"open","ping_status":"closed","sticky":false,"template":"","format":"standard","meta":{"footnotes":""},"categories":[10],"tags":[],"class_list":["post-15452","post","type-post","status-publish","format-standard","hentry","category-allgemein"],"_links":{"self":[{"href":"https:\/\/goladinha.eu\/blog\/wp-json\/wp\/v2\/posts\/15452","targetHints":{"allow":["GET"]}}],"collection":[{"href":"https:\/\/goladinha.eu\/blog\/wp-json\/wp\/v2\/posts"}],"about":[{"href":"https:\/\/goladinha.eu\/blog\/wp-json\/wp\/v2\/types\/post"}],"author":[{"embeddable":true,"href":"https:\/\/goladinha.eu\/blog\/wp-json\/wp\/v2\/users\/1"}],"replies":[{"embeddable":true,"href":"https:\/\/goladinha.eu\/blog\/wp-json\/wp\/v2\/comments?post=15452"}],"version-history":[{"count":3,"href":"https:\/\/goladinha.eu\/blog\/wp-json\/wp\/v2\/posts\/15452\/revisions"}],"predecessor-version":[{"id":15456,"href":"https:\/\/goladinha.eu\/blog\/wp-json\/wp\/v2\/posts\/15452\/revisions\/15456"}],"wp:attachment":[{"href":"https:\/\/goladinha.eu\/blog\/wp-json\/wp\/v2\/media?parent=15452"}],"wp:term":[{"taxonomy":"category","embeddable":true,"href":"https:\/\/goladinha.eu\/blog\/wp-json\/wp\/v2\/categories?post=15452"},{"taxonomy":"post_tag","embeddable":true,"href":"https:\/\/goladinha.eu\/blog\/wp-json\/wp\/v2\/tags?post=15452"}],"curies":[{"name":"wp","href":"https:\/\/api.w.org\/{rel}","templated":true}]}}