{"id":14878,"date":"2019-10-18T18:01:39","date_gmt":"2019-10-18T17:01:39","guid":{"rendered":"http:\/\/goladinha.eu\/blog\/?p=14878"},"modified":"2019-10-18T18:01:39","modified_gmt":"2019-10-18T17:01:39","slug":"de-113-jahre","status":"publish","type":"post","link":"https:\/\/goladinha.eu\/blog\/2019\/10\/18\/de-113-jahre\/","title":{"rendered":"DE &#8211; 113 Jahre"},"content":{"rendered":"<p><strong>Vor 113 Jahren<\/strong> wurde de Bahnstrecke, <strong>Donauw\u00f6rth-Treuchtlingen er\u00f6ffnet<\/strong> &#8211; 71 Jahre nach der Er\u00f6ffnung der ersten Bahnstrecke in Deutschland, N\u00fcrnberg\u2013F\u00fcrth im Jahr 1835.<br \/>\n<strong>Geschichtlicher Hintergrund:<\/strong><br \/>\nErste Pl\u00e4ne f\u00fcr eine Bahnlinie von Augsburg nach N\u00fcrnberg kamen bereits kurz <strong>nach der Er\u00f6ffnung der ersten Bahnstrecke in Deutschland, N\u00fcrnberg\u2013F\u00fcrth im Jahr 1835<\/strong>, auf. Kaufleute aus dem Augsburger Raum gr\u00fcndeten damals eine Aktiengesellschaft f\u00fcr den Bau und Betrieb einer Strecke von Augsburg \u00fcber Donauw\u00f6rth und Treuchtlingen nach N\u00fcrnberg. Da wenige Jahre sp\u00e4ter jedoch K\u00f6nig Ludwig I. den Bau einer Staatseisenbahn &#8230; <a href=\"https:\/\/de.wikipedia.org\/wiki\/Bahnstrecke_N%C3%BCrnberg%E2%80%93Augsburg#Geschichte\" target=\"_blank\" rel=\"noopener noreferrer\">&gt;&gt;&gt; wer sich mehr in die Historie vertiefen m\u00f6chte &gt;&gt;&gt;<\/a><\/p>\n<p><a href=\"https:\/\/goladinha.eu\/blog\/wp-content\/files\/2019\/10\/de_goldener_okt5__181019.jpg\" target=\"_blank\" rel=\"noopener noreferrer\"><img loading=\"lazy\" decoding=\"async\" class=\"wp-image-14879 size-medium\" src=\"https:\/\/goladinha.eu\/blog\/wp-content\/files\/2019\/10\/de_goldener_okt5__181019-500x377.jpg\" alt=\"Deutschland, Goldener Oktober, Goladinha\" width=\"500\" height=\"377\" srcset=\"https:\/\/goladinha.eu\/blog\/wp-content\/files\/2019\/10\/de_goldener_okt5__181019-500x377.jpg 500w, https:\/\/goladinha.eu\/blog\/wp-content\/files\/2019\/10\/de_goldener_okt5__181019-768x578.jpg 768w, https:\/\/goladinha.eu\/blog\/wp-content\/files\/2019\/10\/de_goldener_okt5__181019-1753x1320.jpg 1753w, https:\/\/goladinha.eu\/blog\/wp-content\/files\/2019\/10\/de_goldener_okt5__181019.jpg 1920w\" sizes=\"auto, (max-width: 500px) 100vw, 500px\" \/><\/a><\/p>\n<p>Das &#8222;Goldene Herbst-Fotomotiv&#8220; heute mit &#8222;Modelleisenbahncharakter&#8220; in Bildmitte<\/p>\n","protected":false},"excerpt":{"rendered":"<p>Vor 113 Jahren wurde de Bahnstrecke, Donauw\u00f6rth-Treuchtlingen er\u00f6ffnet &#8211; 71 Jahre nach der Er\u00f6ffnung der ersten Bahnstrecke in Deutschland, N\u00fcrnberg\u2013F\u00fcrth im Jahr 1835. Geschichtlicher Hintergrund: Erste Pl\u00e4ne f\u00fcr eine Bahnlinie von Augsburg nach N\u00fcrnberg kamen bereits kurz nach der Er\u00f6ffnung der ersten Bahnstrecke in Deutschland, N\u00fcrnberg\u2013F\u00fcrth im Jahr 1835, auf. Kaufleute aus dem Augsburger Raum [&hellip;]<\/p>\n","protected":false},"author":1,"featured_media":0,"comment_status":"open","ping_status":"closed","sticky":false,"template":"","format":"standard","meta":{"footnotes":""},"categories":[10],"tags":[],"class_list":["post-14878","post","type-post","status-publish","format-standard","hentry","category-allgemein"],"_links":{"self":[{"href":"https:\/\/goladinha.eu\/blog\/wp-json\/wp\/v2\/posts\/14878","targetHints":{"allow":["GET"]}}],"collection":[{"href":"https:\/\/goladinha.eu\/blog\/wp-json\/wp\/v2\/posts"}],"about":[{"href":"https:\/\/goladinha.eu\/blog\/wp-json\/wp\/v2\/types\/post"}],"author":[{"embeddable":true,"href":"https:\/\/goladinha.eu\/blog\/wp-json\/wp\/v2\/users\/1"}],"replies":[{"embeddable":true,"href":"https:\/\/goladinha.eu\/blog\/wp-json\/wp\/v2\/comments?post=14878"}],"version-history":[{"count":10,"href":"https:\/\/goladinha.eu\/blog\/wp-json\/wp\/v2\/posts\/14878\/revisions"}],"predecessor-version":[{"id":14889,"href":"https:\/\/goladinha.eu\/blog\/wp-json\/wp\/v2\/posts\/14878\/revisions\/14889"}],"wp:attachment":[{"href":"https:\/\/goladinha.eu\/blog\/wp-json\/wp\/v2\/media?parent=14878"}],"wp:term":[{"taxonomy":"category","embeddable":true,"href":"https:\/\/goladinha.eu\/blog\/wp-json\/wp\/v2\/categories?post=14878"},{"taxonomy":"post_tag","embeddable":true,"href":"https:\/\/goladinha.eu\/blog\/wp-json\/wp\/v2\/tags?post=14878"}],"curies":[{"name":"wp","href":"https:\/\/api.w.org\/{rel}","templated":true}]}}