{"id":14837,"date":"2019-10-11T21:36:30","date_gmt":"2019-10-11T20:36:30","guid":{"rendered":"http:\/\/goladinha.eu\/blog\/?p=14837"},"modified":"2019-10-11T21:43:23","modified_gmt":"2019-10-11T20:43:23","slug":"richtfest","status":"publish","type":"post","link":"https:\/\/goladinha.eu\/blog\/2019\/10\/11\/richtfest\/","title":{"rendered":"Richtfest"},"content":{"rendered":"<p>Der im <a href=\"https:\/\/goladinha.eu\/blog\/2017\/05\/29\/balkon\/\" target=\"_blank\" rel=\"noopener noreferrer\">Mai 2017 gebaute Balkon<\/a> bekommt nun ein Dach. Als Eindeckung scheidet eine keramische L\u00f6sung aus, da ein Lichtverlust innerhalb des Geb\u00e4udes vermieden werden soll. Wir haben uns f\u00fcr UV-best\u00e4ndiges Acrylglas entschieden.<\/p>\n<div id=\"attachment_14838\" style=\"width: 510px\" class=\"wp-caption alignnone\"><a href=\"https:\/\/goladinha.eu\/blog\/wp-content\/files\/2019\/10\/de_balkon_dach__111019.jpg\" target=\"_blank\" rel=\"noopener noreferrer\"><img loading=\"lazy\" decoding=\"async\" aria-describedby=\"caption-attachment-14838\" class=\"wp-image-14838 size-medium\" src=\"https:\/\/goladinha.eu\/blog\/wp-content\/files\/2019\/10\/de_balkon_dach__111019-500x336.jpg\" alt=\"Deutschland, Knaubenhof, Balkon, \u00dcberdachung, Goladinha\" width=\"500\" height=\"336\" srcset=\"https:\/\/goladinha.eu\/blog\/wp-content\/files\/2019\/10\/de_balkon_dach__111019-500x336.jpg 500w, https:\/\/goladinha.eu\/blog\/wp-content\/files\/2019\/10\/de_balkon_dach__111019-150x100.jpg 150w, https:\/\/goladinha.eu\/blog\/wp-content\/files\/2019\/10\/de_balkon_dach__111019-768x516.jpg 768w, https:\/\/goladinha.eu\/blog\/wp-content\/files\/2019\/10\/de_balkon_dach__111019.jpg 1920w\" sizes=\"auto, (max-width: 500px) 100vw, 500px\" \/><\/a><p id=\"caption-attachment-14838\" class=\"wp-caption-text\">Eigentlich h\u00e4tten wir heue <a href=\"https:\/\/de.wikipedia.org\/wiki\/Richtfest\" target=\"_blank\" rel=\"noopener noreferrer\">Richtfest<\/a> feiern k\u00f6nnen &#8211; allerdings war nur Malaica anwesend und die hatte nicht verstanden um was es geht \ud83d\ude09<\/p><\/div>\n","protected":false},"excerpt":{"rendered":"<p>Der im Mai 2017 gebaute Balkon bekommt nun ein Dach. Als Eindeckung scheidet eine keramische L\u00f6sung aus, da ein Lichtverlust innerhalb des Geb\u00e4udes vermieden werden soll. Wir haben uns f\u00fcr UV-best\u00e4ndiges Acrylglas entschieden.<\/p>\n","protected":false},"author":1,"featured_media":0,"comment_status":"open","ping_status":"closed","sticky":false,"template":"","format":"standard","meta":{"footnotes":""},"categories":[10],"tags":[],"class_list":["post-14837","post","type-post","status-publish","format-standard","hentry","category-allgemein"],"_links":{"self":[{"href":"https:\/\/goladinha.eu\/blog\/wp-json\/wp\/v2\/posts\/14837","targetHints":{"allow":["GET"]}}],"collection":[{"href":"https:\/\/goladinha.eu\/blog\/wp-json\/wp\/v2\/posts"}],"about":[{"href":"https:\/\/goladinha.eu\/blog\/wp-json\/wp\/v2\/types\/post"}],"author":[{"embeddable":true,"href":"https:\/\/goladinha.eu\/blog\/wp-json\/wp\/v2\/users\/1"}],"replies":[{"embeddable":true,"href":"https:\/\/goladinha.eu\/blog\/wp-json\/wp\/v2\/comments?post=14837"}],"version-history":[{"count":6,"href":"https:\/\/goladinha.eu\/blog\/wp-json\/wp\/v2\/posts\/14837\/revisions"}],"predecessor-version":[{"id":14844,"href":"https:\/\/goladinha.eu\/blog\/wp-json\/wp\/v2\/posts\/14837\/revisions\/14844"}],"wp:attachment":[{"href":"https:\/\/goladinha.eu\/blog\/wp-json\/wp\/v2\/media?parent=14837"}],"wp:term":[{"taxonomy":"category","embeddable":true,"href":"https:\/\/goladinha.eu\/blog\/wp-json\/wp\/v2\/categories?post=14837"},{"taxonomy":"post_tag","embeddable":true,"href":"https:\/\/goladinha.eu\/blog\/wp-json\/wp\/v2\/tags?post=14837"}],"curies":[{"name":"wp","href":"https:\/\/api.w.org\/{rel}","templated":true}]}}