{"id":14236,"date":"2019-07-26T05:27:54","date_gmt":"2019-07-26T04:27:54","guid":{"rendered":"http:\/\/goladinha.eu\/blog\/?p=14236"},"modified":"2019-07-26T05:27:54","modified_gmt":"2019-07-26T04:27:54","slug":"so-heiss-wie-nie","status":"publish","type":"post","link":"https:\/\/goladinha.eu\/blog\/2019\/07\/26\/so-heiss-wie-nie\/","title":{"rendered":"So heiss wie nie"},"content":{"rendered":"<p><a href=\"https:\/\/www.tagesschau.de\/inland\/hitze-161.html\" target=\"_blank\" rel=\"noopener noreferrer\">Dr\u00fcckende Hitze \u00fcberall, Rekordtemperaturen \u00fcber 42 Grad: Der extreme Sommer geht weiter. Nicht nur Deutschland \u00e4chzt, <strong>auch im Rest Europas ist es au\u00dferordentlich hei\u00df<\/strong>.<\/a><br \/>\n<span style=\"color: #0000ff;\"><strong>Nicht so in Zentralportugal:<br \/>\n<\/strong><span style=\"color: #333333;\">Dort waren die Temperaturen in den vergangenen 2 Wochen im ganz normalen Bereichen <\/span><\/span><\/p>\n<div id=\"attachment_14237\" style=\"width: 510px\" class=\"wp-caption alignnone\"><a href=\"https:\/\/goladinha.eu\/blog\/wp-content\/files\/2019\/07\/wettervorhersage1__260719.jpg\" target=\"_blank\" rel=\"noopener noreferrer\"><img loading=\"lazy\" decoding=\"async\" aria-describedby=\"caption-attachment-14237\" class=\"wp-image-14237 size-medium\" src=\"https:\/\/goladinha.eu\/blog\/wp-content\/files\/2019\/07\/wettervorhersage1__260719-500x349.jpg\" alt=\"Wettervorhersage, Ende Juli - Anfang August 2019, Goladinha\" width=\"500\" height=\"349\" srcset=\"https:\/\/goladinha.eu\/blog\/wp-content\/files\/2019\/07\/wettervorhersage1__260719-500x349.jpg 500w, https:\/\/goladinha.eu\/blog\/wp-content\/files\/2019\/07\/wettervorhersage1__260719.jpg 642w\" sizes=\"auto, (max-width: 500px) 100vw, 500px\" \/><\/a><p id=\"caption-attachment-14237\" class=\"wp-caption-text\">&#8211; teilweise eher darunter &#8211; so wie Heute und Morgen.<\/p><\/div>\n<div id=\"attachment_14238\" style=\"width: 510px\" class=\"wp-caption alignnone\"><a href=\"https:\/\/goladinha.eu\/blog\/wp-content\/files\/2019\/07\/wettervorhersage2__260719.jpg\" target=\"_blank\" rel=\"noopener noreferrer\"><img loading=\"lazy\" decoding=\"async\" aria-describedby=\"caption-attachment-14238\" class=\"wp-image-14238 size-medium\" src=\"https:\/\/goladinha.eu\/blog\/wp-content\/files\/2019\/07\/wettervorhersage2__260719-500x350.jpg\" alt=\"Wettervorhersage, Ende Juli - Anfang August 2019, Goladinha\" width=\"500\" height=\"350\" srcset=\"https:\/\/goladinha.eu\/blog\/wp-content\/files\/2019\/07\/wettervorhersage2__260719-500x350.jpg 500w, https:\/\/goladinha.eu\/blog\/wp-content\/files\/2019\/07\/wettervorhersage2__260719.jpg 651w\" sizes=\"auto, (max-width: 500px) 100vw, 500px\" \/><\/a><p id=\"caption-attachment-14238\" class=\"wp-caption-text\">Die Wettervorhersage f\u00fcr Anfang August verspricht ebenfalls keine auff\u00e4lligen Werte &#8211; was sich allerdings noch \u00e4ndern k\u00f6nnte.<\/p><\/div>\n","protected":false},"excerpt":{"rendered":"<p>Dr\u00fcckende Hitze \u00fcberall, Rekordtemperaturen \u00fcber 42 Grad: Der extreme Sommer geht weiter. Nicht nur Deutschland \u00e4chzt, auch im Rest Europas ist es au\u00dferordentlich hei\u00df. Nicht so in Zentralportugal: Dort waren die Temperaturen in den vergangenen 2 Wochen im ganz normalen Bereichen<\/p>\n","protected":false},"author":1,"featured_media":0,"comment_status":"open","ping_status":"closed","sticky":false,"template":"","format":"standard","meta":{"footnotes":""},"categories":[10],"tags":[],"class_list":["post-14236","post","type-post","status-publish","format-standard","hentry","category-allgemein"],"_links":{"self":[{"href":"https:\/\/goladinha.eu\/blog\/wp-json\/wp\/v2\/posts\/14236","targetHints":{"allow":["GET"]}}],"collection":[{"href":"https:\/\/goladinha.eu\/blog\/wp-json\/wp\/v2\/posts"}],"about":[{"href":"https:\/\/goladinha.eu\/blog\/wp-json\/wp\/v2\/types\/post"}],"author":[{"embeddable":true,"href":"https:\/\/goladinha.eu\/blog\/wp-json\/wp\/v2\/users\/1"}],"replies":[{"embeddable":true,"href":"https:\/\/goladinha.eu\/blog\/wp-json\/wp\/v2\/comments?post=14236"}],"version-history":[{"count":2,"href":"https:\/\/goladinha.eu\/blog\/wp-json\/wp\/v2\/posts\/14236\/revisions"}],"predecessor-version":[{"id":14240,"href":"https:\/\/goladinha.eu\/blog\/wp-json\/wp\/v2\/posts\/14236\/revisions\/14240"}],"wp:attachment":[{"href":"https:\/\/goladinha.eu\/blog\/wp-json\/wp\/v2\/media?parent=14236"}],"wp:term":[{"taxonomy":"category","embeddable":true,"href":"https:\/\/goladinha.eu\/blog\/wp-json\/wp\/v2\/categories?post=14236"},{"taxonomy":"post_tag","embeddable":true,"href":"https:\/\/goladinha.eu\/blog\/wp-json\/wp\/v2\/tags?post=14236"}],"curies":[{"name":"wp","href":"https:\/\/api.w.org\/{rel}","templated":true}]}}