{"id":14098,"date":"2019-06-29T22:27:26","date_gmt":"2019-06-29T21:27:26","guid":{"rendered":"http:\/\/goladinha.eu\/blog\/?p=14098"},"modified":"2019-06-29T22:27:26","modified_gmt":"2019-06-29T21:27:26","slug":"fische","status":"publish","type":"post","link":"https:\/\/goladinha.eu\/blog\/2019\/06\/29\/fische\/","title":{"rendered":"Fische"},"content":{"rendered":"<p><span id=\"result_box\" class=\"short_text\" lang=\"pt\"><span class=\"hps\">Sabado 29<\/span><\/span><span id=\"result_box\" class=\"short_text\" lang=\"pt\"> <\/span>de <span id=\"result_box\" class=\"short_text\" lang=\"pt\"><span class=\"hps\">Junho <\/span><\/span>2019 \u2013 nachts \u219112\u00b0 \u2013\u00a0 tags \u219133\u00b0 \u2013 <span style=\"color: #ff6600;\"><strong>Sonne<\/strong><\/span><\/p>\n<p>In unserer Kreisstadt, Figueiro dos Vinhos, war vergangenes Wochenende ein grosses Fest &#8211; in Bayern w\u00fcrde man &#8222;Kirchweih&#8220; dazu sagen. Die ganze Stadt war geschm\u00fcckt und die Innenstadt f\u00fcr den Autoverkehr gesperrt. Mittlerweile ist ist wieder Normalit\u00e4t eingekehrt &#8211; bis auf&#8230;<\/p>\n<div id=\"attachment_14100\" style=\"width: 510px\" class=\"wp-caption alignnone\"><a href=\"https:\/\/goladinha.eu\/blog\/wp-content\/files\/2019\/06\/rotunda_fdv__290619.jpg\" target=\"_blank\" rel=\"noopener noreferrer\"><img loading=\"lazy\" decoding=\"async\" aria-describedby=\"caption-attachment-14100\" class=\"wp-image-14100 size-medium\" src=\"https:\/\/goladinha.eu\/blog\/wp-content\/files\/2019\/06\/rotunda_fdv__290619-500x271.jpg\" alt=\"Geschm\u00fcckter Kreisverkehr, Rotunda,Figueiro dos Vinhos, Goladinha\" width=\"500\" height=\"271\" srcset=\"https:\/\/goladinha.eu\/blog\/wp-content\/files\/2019\/06\/rotunda_fdv__290619-500x271.jpg 500w, https:\/\/goladinha.eu\/blog\/wp-content\/files\/2019\/06\/rotunda_fdv__290619-768x416.jpg 768w, https:\/\/goladinha.eu\/blog\/wp-content\/files\/2019\/06\/rotunda_fdv__290619.jpg 1920w\" sizes=\"auto, (max-width: 500px) 100vw, 500px\" \/><\/a><p id=\"caption-attachment-14100\" class=\"wp-caption-text\">&#8230;die Dekoration dieses Kreisverkehrs. Was es mit den Fischen aud sich hat wissen wir nicht. In der Vergr\u00f6sserung ist ein Mopedfahrer zu erkenn, der gerade das Rondell durchf\u00e4hrt. Noch vor zehn Jahren geh\u00f6rten mopedfahrende Verkehrsteilnehmer zum Alltag &#8211; heute ist es eine Seltenheit geworden.<\/p><\/div>\n","protected":false},"excerpt":{"rendered":"<p>Sabado 29 de Junho 2019 \u2013 nachts \u219112\u00b0 \u2013\u00a0 tags \u219133\u00b0 \u2013 Sonne In unserer Kreisstadt, Figueiro dos Vinhos, war vergangenes Wochenende ein grosses Fest &#8211; in Bayern w\u00fcrde man &#8222;Kirchweih&#8220; dazu sagen. Die ganze Stadt war geschm\u00fcckt und die Innenstadt f\u00fcr den Autoverkehr gesperrt. Mittlerweile ist ist wieder Normalit\u00e4t eingekehrt &#8211; bis auf&#8230;<\/p>\n","protected":false},"author":1,"featured_media":0,"comment_status":"open","ping_status":"closed","sticky":false,"template":"","format":"standard","meta":{"footnotes":""},"categories":[10],"tags":[],"class_list":["post-14098","post","type-post","status-publish","format-standard","hentry","category-allgemein"],"_links":{"self":[{"href":"https:\/\/goladinha.eu\/blog\/wp-json\/wp\/v2\/posts\/14098","targetHints":{"allow":["GET"]}}],"collection":[{"href":"https:\/\/goladinha.eu\/blog\/wp-json\/wp\/v2\/posts"}],"about":[{"href":"https:\/\/goladinha.eu\/blog\/wp-json\/wp\/v2\/types\/post"}],"author":[{"embeddable":true,"href":"https:\/\/goladinha.eu\/blog\/wp-json\/wp\/v2\/users\/1"}],"replies":[{"embeddable":true,"href":"https:\/\/goladinha.eu\/blog\/wp-json\/wp\/v2\/comments?post=14098"}],"version-history":[{"count":4,"href":"https:\/\/goladinha.eu\/blog\/wp-json\/wp\/v2\/posts\/14098\/revisions"}],"predecessor-version":[{"id":14103,"href":"https:\/\/goladinha.eu\/blog\/wp-json\/wp\/v2\/posts\/14098\/revisions\/14103"}],"wp:attachment":[{"href":"https:\/\/goladinha.eu\/blog\/wp-json\/wp\/v2\/media?parent=14098"}],"wp:term":[{"taxonomy":"category","embeddable":true,"href":"https:\/\/goladinha.eu\/blog\/wp-json\/wp\/v2\/categories?post=14098"},{"taxonomy":"post_tag","embeddable":true,"href":"https:\/\/goladinha.eu\/blog\/wp-json\/wp\/v2\/tags?post=14098"}],"curies":[{"name":"wp","href":"https:\/\/api.w.org\/{rel}","templated":true}]}}