{"id":14000,"date":"2019-06-16T18:19:46","date_gmt":"2019-06-16T17:19:46","guid":{"rendered":"http:\/\/goladinha.eu\/blog\/?p=14000"},"modified":"2019-06-16T18:19:46","modified_gmt":"2019-06-16T17:19:46","slug":"jahrestag","status":"publish","type":"post","link":"https:\/\/goladinha.eu\/blog\/2019\/06\/16\/jahrestag\/","title":{"rendered":"Jahrestag"},"content":{"rendered":"<p><span id=\"result_box\" class=\"short_text\" lang=\"pt\"><span class=\"hps\">Domingo 16<\/span><\/span><span id=\"result_box\" class=\"short_text\" lang=\"pt\"> <\/span>de <span id=\"result_box\" class=\"short_text\" lang=\"pt\"><span class=\"hps\">Junho <\/span><\/span>2019 \u2013 nachts \u21916\u00b0\u00a0\u00a0 \u2013\u00a0 tags\u219125\u00b0,\u00a0 <span style=\"color: #ff6600;\">Sonne <\/span>und Bew\u00f6lkung<strong><br \/>\n<\/strong><\/p>\n<p>Morgen, am 17.\u00a0 Juni j\u00e4hrt sich der grosse Brand, der 60 Km x 60 Km Land vernichtet hat, zum zweiten mal.<\/p>\n<div id=\"attachment_14001\" style=\"width: 510px\" class=\"wp-caption alignnone\"><a href=\"https:\/\/goladinha.eu\/blog\/wp-content\/files\/2019\/06\/goladinha_sueden__160619.jpg\" target=\"_blank\" rel=\"noopener noreferrer\"><img loading=\"lazy\" decoding=\"async\" aria-describedby=\"caption-attachment-14001\" class=\"wp-image-14001 size-medium\" src=\"https:\/\/goladinha.eu\/blog\/wp-content\/files\/2019\/06\/goladinha_sueden__160619-500x300.jpg\" alt=\"Goladinha, S\u00fcdansicht, zwei Jahre nach dem Brand\" width=\"500\" height=\"300\" srcset=\"https:\/\/goladinha.eu\/blog\/wp-content\/files\/2019\/06\/goladinha_sueden__160619-500x300.jpg 500w, https:\/\/goladinha.eu\/blog\/wp-content\/files\/2019\/06\/goladinha_sueden__160619-768x461.jpg 768w, https:\/\/goladinha.eu\/blog\/wp-content\/files\/2019\/06\/goladinha_sueden__160619.jpg 1920w\" sizes=\"auto, (max-width: 500px) 100vw, 500px\" \/><\/a><p id=\"caption-attachment-14001\" class=\"wp-caption-text\">Unser Goladinha HEUTE &#8211; noch immer nicht sind l\u00e4ngst alle toten b\u00e4ume gef\u00e4llt worden<\/p><\/div>\n<div id=\"attachment_14004\" style=\"width: 510px\" class=\"wp-caption alignnone\"><a href=\"https:\/\/abload.de\/img\/goladinha_sueden__160sysnj.jpg\" target=\"_blank\" rel=\"noopener noreferrer\"><img loading=\"lazy\" decoding=\"async\" aria-describedby=\"caption-attachment-14004\" class=\"size-medium wp-image-14004\" src=\"https:\/\/goladinha.eu\/blog\/wp-content\/files\/2019\/06\/goladinha_sueden_160618-500x375.jpg\" alt=\"Goladinha, S\u00fcdansicht, ein Jahr nach dem Brand\" width=\"500\" height=\"375\" \/><\/a><p id=\"caption-attachment-14004\" class=\"wp-caption-text\">Goladinha vor einem Jahr &#8211; ein Jahr nach dem Brand<\/p><\/div>\n<p>&nbsp;<\/p>\n","protected":false},"excerpt":{"rendered":"<p>Domingo 16 de Junho 2019 \u2013 nachts \u21916\u00b0\u00a0\u00a0 \u2013\u00a0 tags\u219125\u00b0,\u00a0 Sonne und Bew\u00f6lkung Morgen, am 17.\u00a0 Juni j\u00e4hrt sich der grosse Brand, der 60 Km x 60 Km Land vernichtet hat, zum zweiten mal. &nbsp;<\/p>\n","protected":false},"author":1,"featured_media":0,"comment_status":"open","ping_status":"closed","sticky":false,"template":"","format":"standard","meta":{"footnotes":""},"categories":[10],"tags":[],"class_list":["post-14000","post","type-post","status-publish","format-standard","hentry","category-allgemein"],"_links":{"self":[{"href":"https:\/\/goladinha.eu\/blog\/wp-json\/wp\/v2\/posts\/14000","targetHints":{"allow":["GET"]}}],"collection":[{"href":"https:\/\/goladinha.eu\/blog\/wp-json\/wp\/v2\/posts"}],"about":[{"href":"https:\/\/goladinha.eu\/blog\/wp-json\/wp\/v2\/types\/post"}],"author":[{"embeddable":true,"href":"https:\/\/goladinha.eu\/blog\/wp-json\/wp\/v2\/users\/1"}],"replies":[{"embeddable":true,"href":"https:\/\/goladinha.eu\/blog\/wp-json\/wp\/v2\/comments?post=14000"}],"version-history":[{"count":5,"href":"https:\/\/goladinha.eu\/blog\/wp-json\/wp\/v2\/posts\/14000\/revisions"}],"predecessor-version":[{"id":14009,"href":"https:\/\/goladinha.eu\/blog\/wp-json\/wp\/v2\/posts\/14000\/revisions\/14009"}],"wp:attachment":[{"href":"https:\/\/goladinha.eu\/blog\/wp-json\/wp\/v2\/media?parent=14000"}],"wp:term":[{"taxonomy":"category","embeddable":true,"href":"https:\/\/goladinha.eu\/blog\/wp-json\/wp\/v2\/categories?post=14000"},{"taxonomy":"post_tag","embeddable":true,"href":"https:\/\/goladinha.eu\/blog\/wp-json\/wp\/v2\/tags?post=14000"}],"curies":[{"name":"wp","href":"https:\/\/api.w.org\/{rel}","templated":true}]}}