{"id":13261,"date":"2019-02-23T21:34:50","date_gmt":"2019-02-23T21:34:50","guid":{"rendered":"http:\/\/goladinha.eu\/blog\/?p=13261"},"modified":"2019-02-23T21:34:50","modified_gmt":"2019-02-23T21:34:50","slug":"homomutatus-lange-und-duenne-kuenstliche-wolken","status":"publish","type":"post","link":"https:\/\/goladinha.eu\/blog\/2019\/02\/23\/homomutatus-lange-und-duenne-kuenstliche-wolken\/","title":{"rendered":"Homomutatus &#8211; lange und d\u00fcnne k\u00fcnstliche Wolken"},"content":{"rendered":"<p>Sabado, 23 de Fevereiro 2019 \u2013 nachts \u2193\u21914\u00ba\u00a0 \/ tags \u2191\u219319\u00ba \u2013 <span style=\"color: #ff6600;\"><strong>Sonne &#8211; <\/strong><span style=\"color: #808080;\">jede Menge Kondensstreifen<\/span><strong><br \/>\n<\/strong><\/span><\/p>\n<p>A propo Kondensstreifen! Vor ein paar Tagen erreichten mich ein paar Fotos eines Lesers, der folgende Szene am Himmel in der N\u00e4he von M\u00fcnchen fotografisch festhielt.<br \/>\nSeine Beschreibung der Situation war:<br \/>\n<span style=\"color: #808080;\"><em>&#8230;&#8230;bei den anh\u00e4ngenden Fotos kommt der Verdacht auf, dass da ein paar ziemlich besoffene oder bekiffte Piloten unterwegs waren &#8211; aber weit gefehlt, es handelt sich hier um mehrere eigentlich schnurgerade Kondensstreifen, die von st\u00fcrmischen Winden aus verschiedenen Richtungen derartig verblasen wurden, dass sogar Knoten entstanden sind &#8211; sehr skurril und ausgesprochen selten zu beobachten!!<\/em><\/span><a href=\"https:\/\/goladinha.eu\/blog\/wp-content\/files\/2019\/02\/kondens_rudi__230219.jpg\" target=\"_blank\" rel=\"noopener noreferrer\"><img loading=\"lazy\" decoding=\"async\" class=\"size-medium wp-image-13262\" src=\"https:\/\/goladinha.eu\/blog\/wp-content\/files\/2019\/02\/kondens_rudi__230219-500x352.jpg\" alt=\"Kondensstreifen, Chemtrails, F\u00fcrstenfeldbruck, Goladinha\" width=\"500\" height=\"352\" srcset=\"https:\/\/goladinha.eu\/blog\/wp-content\/files\/2019\/02\/kondens_rudi__230219-500x352.jpg 500w, https:\/\/goladinha.eu\/blog\/wp-content\/files\/2019\/02\/kondens_rudi__230219-768x540.jpg 768w, https:\/\/goladinha.eu\/blog\/wp-content\/files\/2019\/02\/kondens_rudi__230219-1876x1320.jpg 1876w, https:\/\/goladinha.eu\/blog\/wp-content\/files\/2019\/02\/kondens_rudi__230219.jpg 1920w\" sizes=\"auto, (max-width: 500px) 100vw, 500px\" \/><\/a><\/p>\n<p>Danke Rudi f\u00fcr diese besondere Momentaufnahme&nbsp;<\/p>\n","protected":false},"excerpt":{"rendered":"<p>Sabado, 23 de Fevereiro 2019 \u2013 nachts \u2193\u21914\u00ba\u00a0 \/ tags \u2191\u219319\u00ba \u2013 Sonne &#8211; jede Menge Kondensstreifen A propo Kondensstreifen! Vor ein paar Tagen erreichten mich ein paar Fotos eines Lesers, der folgende Szene am Himmel in der N\u00e4he von M\u00fcnchen fotografisch festhielt. Seine Beschreibung der Situation war: &#8230;&#8230;bei den anh\u00e4ngenden Fotos kommt der Verdacht [&hellip;]<\/p>\n","protected":false},"author":1,"featured_media":0,"comment_status":"open","ping_status":"open","sticky":false,"template":"","format":"standard","meta":{"footnotes":""},"categories":[10],"tags":[],"class_list":["post-13261","post","type-post","status-publish","format-standard","hentry","category-allgemein"],"_links":{"self":[{"href":"https:\/\/goladinha.eu\/blog\/wp-json\/wp\/v2\/posts\/13261","targetHints":{"allow":["GET"]}}],"collection":[{"href":"https:\/\/goladinha.eu\/blog\/wp-json\/wp\/v2\/posts"}],"about":[{"href":"https:\/\/goladinha.eu\/blog\/wp-json\/wp\/v2\/types\/post"}],"author":[{"embeddable":true,"href":"https:\/\/goladinha.eu\/blog\/wp-json\/wp\/v2\/users\/1"}],"replies":[{"embeddable":true,"href":"https:\/\/goladinha.eu\/blog\/wp-json\/wp\/v2\/comments?post=13261"}],"version-history":[{"count":2,"href":"https:\/\/goladinha.eu\/blog\/wp-json\/wp\/v2\/posts\/13261\/revisions"}],"predecessor-version":[{"id":13264,"href":"https:\/\/goladinha.eu\/blog\/wp-json\/wp\/v2\/posts\/13261\/revisions\/13264"}],"wp:attachment":[{"href":"https:\/\/goladinha.eu\/blog\/wp-json\/wp\/v2\/media?parent=13261"}],"wp:term":[{"taxonomy":"category","embeddable":true,"href":"https:\/\/goladinha.eu\/blog\/wp-json\/wp\/v2\/categories?post=13261"},{"taxonomy":"post_tag","embeddable":true,"href":"https:\/\/goladinha.eu\/blog\/wp-json\/wp\/v2\/tags?post=13261"}],"curies":[{"name":"wp","href":"https:\/\/api.w.org\/{rel}","templated":true}]}}